{"id":3642,"date":"2022-10-17T23:43:11","date_gmt":"2022-10-17T21:43:11","guid":{"rendered":"https:\/\/agora.xtec.cat\/escolacampclar\/?p=3642"},"modified":"2022-10-17T23:43:11","modified_gmt":"2022-10-17T21:43:11","slug":"diplomes-de-bona-conducta","status":"publish","type":"post","link":"https:\/\/agora.xtec.cat\/escolacampclar\/general\/diplomes-de-bona-conducta\/","title":{"rendered":"Diplomes de BONA CONDUCTA"},"content":{"rendered":"<p>&nbsp;<\/p>\n<p><a href=\"https:\/\/agora.xtec.cat\/escolacampclar\/wp-content\/uploads\/usu687\/2022\/10\/Diplomes-bona-conducta.jpg\"><img loading=\"lazy\" decoding=\"async\" class=\" wp-image-3643 aligncenter\" src=\"https:\/\/agora.xtec.cat\/escolacampclar\/wp-content\/uploads\/usu687\/2022\/10\/Diplomes-bona-conducta-1024x819.jpg\" alt=\"\" width=\"815\" height=\"652\" srcset=\"https:\/\/agora.xtec.cat\/escolacampclar\/wp-content\/uploads\/usu687\/2022\/10\/Diplomes-bona-conducta-1024x819.jpg 1024w, https:\/\/agora.xtec.cat\/escolacampclar\/wp-content\/uploads\/usu687\/2022\/10\/Diplomes-bona-conducta-300x240.jpg 300w, https:\/\/agora.xtec.cat\/escolacampclar\/wp-content\/uploads\/usu687\/2022\/10\/Diplomes-bona-conducta-768x614.jpg 768w, https:\/\/agora.xtec.cat\/escolacampclar\/wp-content\/uploads\/usu687\/2022\/10\/Diplomes-bona-conducta-1536x1229.jpg 1536w, https:\/\/agora.xtec.cat\/escolacampclar\/wp-content\/uploads\/usu687\/2022\/10\/Diplomes-bona-conducta.jpg 2000w\" sizes=\"auto, (max-width: 815px) 100vw, 815px\" \/><\/a><\/p>\n<p>A l&#8217;escola hem comen\u00e7at de nou l&#8217;entrega dels diplomes de Bona Conducta. Per no perdre la tradici\u00f3, els divendres a l&#8217;hora del pati es criden tot l&#8217;alumnat del centre per l&#8217;altaveu i l&#8217;alumnat premiat se&#8217;ls hi fa entrega del premi.<\/p>\n<p>L&#8217;objectiu d&#8217;aquesta activitat \u00e9s aconseguir que l&#8217;esfor\u00e7, el treball, saber compartir els espais i sobretot respectar el professorat i l&#8217;alumnat sigui uns dels punts m\u00e9s importants de l&#8217;escola.<\/p>\n<p>A continuaci\u00f3 podreu trobar un recull de <a href=\"https:\/\/drive.google.com\/drive\/folders\/1-OhsZ32NDj2Q-DJ5WVTdNTBhQzv8qRcZ?usp=sharing\">fotografies<\/a><\/p>\n<p>&nbsp;<\/p>\n<p>&nbsp;<\/p>\n<p>&nbsp;<\/p>\n","protected":false},"excerpt":{"rendered":"<p>&nbsp;<br \/>\n<a href=\"https:\/\/agora.xtec.cat\/escolacampclar\/wp-content\/uploads\/usu687\/2022\/10\/Diplomes-bona-conducta.jpg\"><\/a><br \/>\nA l&#8217;escola hem comen\u00e7at de nou l&#8217;entrega dels diplomes de Bona Conducta. Per no perdre la tradici\u00f3, els divendres a l&#8217;hora del pati es criden tot l&#8217;alumnat del centre per l&#8217;altaveu i l&#8217;alumnat premiat se&#8217;ls hi fa entrega del premi.<br \/>\nL&#8217;objectiu d&#8217;aquesta activitat \u00e9s aconseguir&hellip;  <a href=\"https:\/\/agora.xtec.cat\/escolacampclar\/general\/diplomes-de-bona-conducta\/\" title=\"Read Diplomes de BONA CONDUCTA\">Llegeix m\u00e9s\u00bb<\/a><\/p>\n","protected":false},"author":14,"featured_media":3643,"comment_status":"open","ping_status":"closed","sticky":false,"template":"","format":"standard","meta":{"_bbp_topic_count":0,"_bbp_reply_count":0,"_bbp_total_topic_count":0,"_bbp_total_reply_count":0,"_bbp_voice_count":0,"_bbp_anonymous_reply_count":0,"_bbp_topic_count_hidden":0,"_bbp_reply_count_hidden":0,"_bbp_forum_subforum_count":0,"footnotes":""},"categories":[24,25,26,1],"tags":[44],"class_list":["post-3642","post","type-post","status-publish","format-standard","has-post-thumbnail","hentry","category-cicle-inicial","category-cicle-mitja","category-cicle-superior","category-general","tag-escola-campclar"],"post_mailing_queue_ids":[],"_links":{"self":[{"href":"https:\/\/agora.xtec.cat\/escolacampclar\/wp-json\/wp\/v2\/posts\/3642","targetHints":{"allow":["GET"]}}],"collection":[{"href":"https:\/\/agora.xtec.cat\/escolacampclar\/wp-json\/wp\/v2\/posts"}],"about":[{"href":"https:\/\/agora.xtec.cat\/escolacampclar\/wp-json\/wp\/v2\/types\/post"}],"author":[{"embeddable":true,"href":"https:\/\/agora.xtec.cat\/escolacampclar\/wp-json\/wp\/v2\/users\/14"}],"replies":[{"embeddable":true,"href":"https:\/\/agora.xtec.cat\/escolacampclar\/wp-json\/wp\/v2\/comments?post=3642"}],"version-history":[{"count":1,"href":"https:\/\/agora.xtec.cat\/escolacampclar\/wp-json\/wp\/v2\/posts\/3642\/revisions"}],"predecessor-version":[{"id":3644,"href":"https:\/\/agora.xtec.cat\/escolacampclar\/wp-json\/wp\/v2\/posts\/3642\/revisions\/3644"}],"wp:featuredmedia":[{"embeddable":true,"href":"https:\/\/agora.xtec.cat\/escolacampclar\/wp-json\/wp\/v2\/media\/3643"}],"wp:attachment":[{"href":"https:\/\/agora.xtec.cat\/escolacampclar\/wp-json\/wp\/v2\/media?parent=3642"}],"wp:term":[{"taxonomy":"category","embeddable":true,"href":"https:\/\/agora.xtec.cat\/escolacampclar\/wp-json\/wp\/v2\/categories?post=3642"},{"taxonomy":"post_tag","embeddable":true,"href":"https:\/\/agora.xtec.cat\/escolacampclar\/wp-json\/wp\/v2\/tags?post=3642"}],"curies":[{"name":"wp","href":"https:\/\/api.w.org\/{rel}","templated":true}]}}