{"id":3550,"date":"2022-06-24T09:58:51","date_gmt":"2022-06-24T07:58:51","guid":{"rendered":"https:\/\/agora.xtec.cat\/escolacampclar\/?p=3550"},"modified":"2022-06-24T09:58:51","modified_gmt":"2022-06-24T07:58:51","slug":"comiat-sise","status":"publish","type":"post","link":"https:\/\/agora.xtec.cat\/escolacampclar\/general\/comiat-sise\/","title":{"rendered":"COMIAT SIS\u00c8"},"content":{"rendered":"<p><a href=\"https:\/\/agora.xtec.cat\/escolacampclar\/wp-content\/uploads\/usu687\/2022\/06\/FESTA-DE-GRADUACIO.jpg\"><img loading=\"lazy\" decoding=\"async\" class=\" wp-image-3551 aligncenter\" src=\"https:\/\/agora.xtec.cat\/escolacampclar\/wp-content\/uploads\/usu687\/2022\/06\/FESTA-DE-GRADUACIO-724x1024.jpg\" alt=\"\" width=\"467\" height=\"661\" srcset=\"https:\/\/agora.xtec.cat\/escolacampclar\/wp-content\/uploads\/usu687\/2022\/06\/FESTA-DE-GRADUACIO-724x1024.jpg 724w, https:\/\/agora.xtec.cat\/escolacampclar\/wp-content\/uploads\/usu687\/2022\/06\/FESTA-DE-GRADUACIO-212x300.jpg 212w, https:\/\/agora.xtec.cat\/escolacampclar\/wp-content\/uploads\/usu687\/2022\/06\/FESTA-DE-GRADUACIO-768x1086.jpg 768w, https:\/\/agora.xtec.cat\/escolacampclar\/wp-content\/uploads\/usu687\/2022\/06\/FESTA-DE-GRADUACIO-1086x1536.jpg 1086w, https:\/\/agora.xtec.cat\/escolacampclar\/wp-content\/uploads\/usu687\/2022\/06\/FESTA-DE-GRADUACIO-1448x2048.jpg 1448w, https:\/\/agora.xtec.cat\/escolacampclar\/wp-content\/uploads\/usu687\/2022\/06\/FESTA-DE-GRADUACIO.jpg 1587w\" sizes=\"auto, (max-width: 467px) 100vw, 467px\" \/><\/a><\/p>\n<p>Durant aquesta setmana hem celebrat el comiat de l&#8217;alumnat de 6\u00e8.<\/p>\n<p>L&#8217;alumnat de 6\u00e8 tanquen una etapa plena de records, viv\u00e8ncies i emocions per comen\u00e7ar-ne una de nova, que ben segur, els proporcionar\u00e0 noves aventures.<\/p>\n<p>No oblideu tot el que us hem ensenyat i els bons moments que hem compartit plegats.<\/p>\n<p>Bona sort en la vostra nova etapa escolar.<\/p>\n<p>A continuaci\u00f3 podreu trobar un <a href=\"https:\/\/drive.google.com\/drive\/folders\/19_31d8CVYBQY1gGD6eCkC1iFH1FG5j8b?usp=sharing\">recull d&#8217;imatges i el v\u00eddeo.\u00a0<\/a><\/p>\n","protected":false},"excerpt":{"rendered":"<p><a href=\"https:\/\/agora.xtec.cat\/escolacampclar\/wp-content\/uploads\/usu687\/2022\/06\/FESTA-DE-GRADUACIO.jpg\"><\/a><br \/>\nDurant aquesta setmana hem celebrat el comiat de l&#8217;alumnat de 6\u00e8.<br \/>\nL&#8217;alumnat de 6\u00e8 tanquen una etapa plena de records, viv\u00e8ncies i emocions per comen\u00e7ar-ne una de nova, que ben segur, els proporcionar\u00e0 noves aventures.<br \/>\nNo oblideu tot el que us hem ensenyat i els bons&hellip;  <a href=\"https:\/\/agora.xtec.cat\/escolacampclar\/general\/comiat-sise\/\" title=\"Read COMIAT SIS\u00c8\">Llegeix m\u00e9s\u00bb<\/a><\/p>\n","protected":false},"author":14,"featured_media":3551,"comment_status":"open","ping_status":"closed","sticky":false,"template":"","format":"standard","meta":{"_bbp_topic_count":0,"_bbp_reply_count":0,"_bbp_total_topic_count":0,"_bbp_total_reply_count":0,"_bbp_voice_count":0,"_bbp_anonymous_reply_count":0,"_bbp_topic_count_hidden":0,"_bbp_reply_count_hidden":0,"_bbp_forum_subforum_count":0,"footnotes":""},"categories":[26,1],"tags":[63,44],"class_list":["post-3550","post","type-post","status-publish","format-standard","has-post-thumbnail","hentry","category-cicle-superior","category-general","tag-cicle-superior","tag-escola-campclar"],"post_mailing_queue_ids":[],"_links":{"self":[{"href":"https:\/\/agora.xtec.cat\/escolacampclar\/wp-json\/wp\/v2\/posts\/3550","targetHints":{"allow":["GET"]}}],"collection":[{"href":"https:\/\/agora.xtec.cat\/escolacampclar\/wp-json\/wp\/v2\/posts"}],"about":[{"href":"https:\/\/agora.xtec.cat\/escolacampclar\/wp-json\/wp\/v2\/types\/post"}],"author":[{"embeddable":true,"href":"https:\/\/agora.xtec.cat\/escolacampclar\/wp-json\/wp\/v2\/users\/14"}],"replies":[{"embeddable":true,"href":"https:\/\/agora.xtec.cat\/escolacampclar\/wp-json\/wp\/v2\/comments?post=3550"}],"version-history":[{"count":1,"href":"https:\/\/agora.xtec.cat\/escolacampclar\/wp-json\/wp\/v2\/posts\/3550\/revisions"}],"predecessor-version":[{"id":3552,"href":"https:\/\/agora.xtec.cat\/escolacampclar\/wp-json\/wp\/v2\/posts\/3550\/revisions\/3552"}],"wp:featuredmedia":[{"embeddable":true,"href":"https:\/\/agora.xtec.cat\/escolacampclar\/wp-json\/wp\/v2\/media\/3551"}],"wp:attachment":[{"href":"https:\/\/agora.xtec.cat\/escolacampclar\/wp-json\/wp\/v2\/media?parent=3550"}],"wp:term":[{"taxonomy":"category","embeddable":true,"href":"https:\/\/agora.xtec.cat\/escolacampclar\/wp-json\/wp\/v2\/categories?post=3550"},{"taxonomy":"post_tag","embeddable":true,"href":"https:\/\/agora.xtec.cat\/escolacampclar\/wp-json\/wp\/v2\/tags?post=3550"}],"curies":[{"name":"wp","href":"https:\/\/api.w.org\/{rel}","templated":true}]}}