{"id":3547,"date":"2022-06-24T09:46:55","date_gmt":"2022-06-24T07:46:55","guid":{"rendered":"https:\/\/agora.xtec.cat\/escolacampclar\/?p=3547"},"modified":"2022-06-24T09:59:29","modified_gmt":"2022-06-24T07:59:29","slug":"festa-final-de-curs","status":"publish","type":"post","link":"https:\/\/agora.xtec.cat\/escolacampclar\/general\/festa-final-de-curs\/","title":{"rendered":"FESTA FINAL DE CURS"},"content":{"rendered":"<p>&nbsp;<\/p>\n<p><a href=\"https:\/\/agora.xtec.cat\/escolacampclar\/wp-content\/uploads\/usu687\/2022\/06\/festa.jpg\"><img loading=\"lazy\" decoding=\"async\" class=\" wp-image-3548 aligncenter\" src=\"https:\/\/agora.xtec.cat\/escolacampclar\/wp-content\/uploads\/usu687\/2022\/06\/festa-724x1024.jpg\" alt=\"\" width=\"324\" height=\"458\" srcset=\"https:\/\/agora.xtec.cat\/escolacampclar\/wp-content\/uploads\/usu687\/2022\/06\/festa-724x1024.jpg 724w, https:\/\/agora.xtec.cat\/escolacampclar\/wp-content\/uploads\/usu687\/2022\/06\/festa-212x300.jpg 212w, https:\/\/agora.xtec.cat\/escolacampclar\/wp-content\/uploads\/usu687\/2022\/06\/festa-768x1086.jpg 768w, https:\/\/agora.xtec.cat\/escolacampclar\/wp-content\/uploads\/usu687\/2022\/06\/festa-1086x1536.jpg 1086w, https:\/\/agora.xtec.cat\/escolacampclar\/wp-content\/uploads\/usu687\/2022\/06\/festa-1448x2048.jpg 1448w, https:\/\/agora.xtec.cat\/escolacampclar\/wp-content\/uploads\/usu687\/2022\/06\/festa.jpg 1587w\" sizes=\"auto, (max-width: 324px) 100vw, 324px\" \/><\/a><\/p>\n<p>Ja hem arribat a la fi de curs i toca celebrar-ho com cal, aix\u00ed que des de la comunitat dels petits fins a la comunitat dels grans ens vam reunir al pati de l&#8217;escola per poder fer la festa de final de curs.<\/p>\n<p>Aquest any s&#8217;han preparat diferents coreografies i cada classe va fer la seva representaci\u00f3 al pati.<\/p>\n<p>Ens ho vam passar d&#8217;all\u00f2 m\u00e9s b\u00e9.<\/p>\n<p>A continuaci\u00f3 podreu veure el <a href=\"https:\/\/drive.google.com\/drive\/folders\/1-2lSbeJxx4clde38TIKLk_wZwZtVpC5u?usp=sharing\">v\u00eddeo dels balls.<\/a><\/p>\n<p>&nbsp;<\/p>\n<p>&nbsp;<\/p>\n","protected":false},"excerpt":{"rendered":"<p>&nbsp;<br \/>\n<a href=\"https:\/\/agora.xtec.cat\/escolacampclar\/wp-content\/uploads\/usu687\/2022\/06\/festa.jpg\"><\/a><br \/>\nJa hem arribat a la fi de curs i toca celebrar-ho com cal, aix\u00ed que des de la comunitat dels petits fins a la comunitat dels grans ens vam reunir al pati de l&#8217;escola per poder fer la festa de final de curs.<br \/>\nAquest any&hellip;  <a href=\"https:\/\/agora.xtec.cat\/escolacampclar\/general\/festa-final-de-curs\/\" title=\"Read FESTA FINAL DE CURS\">Llegeix m\u00e9s\u00bb<\/a><\/p>\n","protected":false},"author":14,"featured_media":3548,"comment_status":"open","ping_status":"closed","sticky":false,"template":"","format":"standard","meta":{"_bbp_topic_count":0,"_bbp_reply_count":0,"_bbp_total_topic_count":0,"_bbp_total_reply_count":0,"_bbp_voice_count":0,"_bbp_anonymous_reply_count":0,"_bbp_topic_count_hidden":0,"_bbp_reply_count_hidden":0,"_bbp_forum_subforum_count":0,"footnotes":""},"categories":[29,1],"tags":[44,404],"class_list":["post-3547","post","type-post","status-publish","format-standard","has-post-thumbnail","hentry","category-festes","category-general","tag-escola-campclar","tag-festes"],"post_mailing_queue_ids":[],"_links":{"self":[{"href":"https:\/\/agora.xtec.cat\/escolacampclar\/wp-json\/wp\/v2\/posts\/3547","targetHints":{"allow":["GET"]}}],"collection":[{"href":"https:\/\/agora.xtec.cat\/escolacampclar\/wp-json\/wp\/v2\/posts"}],"about":[{"href":"https:\/\/agora.xtec.cat\/escolacampclar\/wp-json\/wp\/v2\/types\/post"}],"author":[{"embeddable":true,"href":"https:\/\/agora.xtec.cat\/escolacampclar\/wp-json\/wp\/v2\/users\/14"}],"replies":[{"embeddable":true,"href":"https:\/\/agora.xtec.cat\/escolacampclar\/wp-json\/wp\/v2\/comments?post=3547"}],"version-history":[{"count":1,"href":"https:\/\/agora.xtec.cat\/escolacampclar\/wp-json\/wp\/v2\/posts\/3547\/revisions"}],"predecessor-version":[{"id":3549,"href":"https:\/\/agora.xtec.cat\/escolacampclar\/wp-json\/wp\/v2\/posts\/3547\/revisions\/3549"}],"wp:featuredmedia":[{"embeddable":true,"href":"https:\/\/agora.xtec.cat\/escolacampclar\/wp-json\/wp\/v2\/media\/3548"}],"wp:attachment":[{"href":"https:\/\/agora.xtec.cat\/escolacampclar\/wp-json\/wp\/v2\/media?parent=3547"}],"wp:term":[{"taxonomy":"category","embeddable":true,"href":"https:\/\/agora.xtec.cat\/escolacampclar\/wp-json\/wp\/v2\/categories?post=3547"},{"taxonomy":"post_tag","embeddable":true,"href":"https:\/\/agora.xtec.cat\/escolacampclar\/wp-json\/wp\/v2\/tags?post=3547"}],"curies":[{"name":"wp","href":"https:\/\/api.w.org\/{rel}","templated":true}]}}