{"id":3543,"date":"2022-06-23T13:36:35","date_gmt":"2022-06-23T11:36:35","guid":{"rendered":"https:\/\/agora.xtec.cat\/escolacampclar\/?p=3543"},"modified":"2022-07-01T12:06:19","modified_gmt":"2022-07-01T10:06:19","slug":"mamma-mia","status":"publish","type":"post","link":"https:\/\/agora.xtec.cat\/escolacampclar\/general\/mamma-mia\/","title":{"rendered":"MAMMA MIA"},"content":{"rendered":"<p>L&#8217;alumnat de 6\u00e8 hem preparat el musical de Mamma Mia. Una obra adaptada per la Marta Grau, t\u00e8cnica teatral de l&#8217;Imet. Durant les classes de m\u00fasica i art\u00edstica hem apr\u00e8s una selecci\u00f3 de can\u00e7ons, coreografies i hem realitzat pr\u00e0ctiques de t\u00e8cnica teatral. Aqu\u00ed podeu veure la representaci\u00f3 de final de curs al centre c\u00edvic.<\/p>\n<p><a href=\"https:\/\/drive.google.com\/file\/d\/1vHYKqY2JkBGbi55PeFsavl6RO8rRF2YW\/view?usp=sharing\">Clica aqu\u00ed per veure el video de sis\u00e8 A<\/a><\/p>\n<p><a href=\"https:\/\/drive.google.com\/file\/d\/1wvHs261ma2grgh7fahVeNp_NC7ip66zT\/view?usp=sharing\">Clica aqu\u00ed per veure el video de sis\u00e8 B<\/a><\/p>\n<p><a href=\"https:\/\/drive.google.com\/drive\/folders\/1S550pEsCreJodujVcFovzI7Ng_Xygsn-?usp=sharing\">Clica aqu\u00ed per veure les imatges<\/a><\/p>\n<p>&nbsp;<\/p>\n","protected":false},"excerpt":{"rendered":"<p>L&#8217;alumnat de 6\u00e8 hem preparat el musical de Mamma Mia. Una obra adaptada per la Marta Grau, t\u00e8cnica teatral de l&#8217;Imet. Durant les classes de m\u00fasica i art\u00edstica hem apr\u00e8s una selecci\u00f3 de can\u00e7ons, coreografies i hem realitzat pr\u00e0ctiques de t\u00e8cnica teatral. Aqu\u00ed podeu veure&hellip;  <a href=\"https:\/\/agora.xtec.cat\/escolacampclar\/general\/mamma-mia\/\" title=\"Read MAMMA MIA\">Llegeix m\u00e9s\u00bb<\/a><\/p>\n","protected":false},"author":14,"featured_media":3546,"comment_status":"open","ping_status":"closed","sticky":false,"template":"","format":"standard","meta":{"_bbp_topic_count":0,"_bbp_reply_count":0,"_bbp_total_topic_count":0,"_bbp_total_reply_count":0,"_bbp_voice_count":0,"_bbp_anonymous_reply_count":0,"_bbp_topic_count_hidden":0,"_bbp_reply_count_hidden":0,"_bbp_forum_subforum_count":0,"footnotes":""},"categories":[26,1,31],"tags":[],"class_list":["post-3543","post","type-post","status-publish","format-standard","has-post-thumbnail","hentry","category-cicle-superior","category-general","category-musica"],"post_mailing_queue_ids":[],"_links":{"self":[{"href":"https:\/\/agora.xtec.cat\/escolacampclar\/wp-json\/wp\/v2\/posts\/3543","targetHints":{"allow":["GET"]}}],"collection":[{"href":"https:\/\/agora.xtec.cat\/escolacampclar\/wp-json\/wp\/v2\/posts"}],"about":[{"href":"https:\/\/agora.xtec.cat\/escolacampclar\/wp-json\/wp\/v2\/types\/post"}],"author":[{"embeddable":true,"href":"https:\/\/agora.xtec.cat\/escolacampclar\/wp-json\/wp\/v2\/users\/14"}],"replies":[{"embeddable":true,"href":"https:\/\/agora.xtec.cat\/escolacampclar\/wp-json\/wp\/v2\/comments?post=3543"}],"version-history":[{"count":3,"href":"https:\/\/agora.xtec.cat\/escolacampclar\/wp-json\/wp\/v2\/posts\/3543\/revisions"}],"predecessor-version":[{"id":3599,"href":"https:\/\/agora.xtec.cat\/escolacampclar\/wp-json\/wp\/v2\/posts\/3543\/revisions\/3599"}],"wp:featuredmedia":[{"embeddable":true,"href":"https:\/\/agora.xtec.cat\/escolacampclar\/wp-json\/wp\/v2\/media\/3546"}],"wp:attachment":[{"href":"https:\/\/agora.xtec.cat\/escolacampclar\/wp-json\/wp\/v2\/media?parent=3543"}],"wp:term":[{"taxonomy":"category","embeddable":true,"href":"https:\/\/agora.xtec.cat\/escolacampclar\/wp-json\/wp\/v2\/categories?post=3543"},{"taxonomy":"post_tag","embeddable":true,"href":"https:\/\/agora.xtec.cat\/escolacampclar\/wp-json\/wp\/v2\/tags?post=3543"}],"curies":[{"name":"wp","href":"https:\/\/api.w.org\/{rel}","templated":true}]}}