{"id":3537,"date":"2022-06-15T14:01:13","date_gmt":"2022-06-15T12:01:13","guid":{"rendered":"https:\/\/agora.xtec.cat\/escolacampclar\/?p=3537"},"modified":"2022-06-15T14:02:18","modified_gmt":"2022-06-15T12:02:18","slug":"la-veu-de-la-terra","status":"publish","type":"post","link":"https:\/\/agora.xtec.cat\/escolacampclar\/general\/la-veu-de-la-terra\/","title":{"rendered":"La veu de la TERRA"},"content":{"rendered":"<p>Despr\u00e9s de 5 mesos assajant les can\u00e7ons de la cantata &#8216;La veu de la terra&#8217; hem pogut fer l&#8217;actuaci\u00f3 al Teatre Fortuny de Reus, acompanyant a @PeTaCa.<br \/>\nMoltes emocions viscudes i una experi\u00e8ncia \u00fanica. A continuaci\u00f3 podeu veure un recull de <a href=\"https:\/\/drive.google.com\/drive\/folders\/1dTsFffJSiZqElf8rTq5ZTKq5c_JtaKFf\">fotografies<\/a>.<\/p>\n","protected":false},"excerpt":{"rendered":"<p>Despr\u00e9s de 5 mesos assajant les can\u00e7ons de la cantata &#8216;La veu de la terra&#8217; hem pogut fer l&#8217;actuaci\u00f3 al Teatre Fortuny de Reus, acompanyant a @PeTaCa.<br \/>\nMoltes emocions viscudes i una experi\u00e8ncia \u00fanica. A continuaci\u00f3 podeu veure un recull de <a href=\"https:\/\/drive.google.com\/drive\/folders\/1dTsFffJSiZqElf8rTq5ZTKq5c_JtaKFf\">fotografies<\/a>.<\/p>\n","protected":false},"author":14,"featured_media":3539,"comment_status":"open","ping_status":"closed","sticky":false,"template":"","format":"standard","meta":{"_bbp_topic_count":0,"_bbp_reply_count":0,"_bbp_total_topic_count":0,"_bbp_total_reply_count":0,"_bbp_voice_count":0,"_bbp_anonymous_reply_count":0,"_bbp_topic_count_hidden":0,"_bbp_reply_count_hidden":0,"_bbp_forum_subforum_count":0,"footnotes":""},"categories":[1,31],"tags":[],"class_list":["post-3537","post","type-post","status-publish","format-standard","has-post-thumbnail","hentry","category-general","category-musica"],"post_mailing_queue_ids":[],"_links":{"self":[{"href":"https:\/\/agora.xtec.cat\/escolacampclar\/wp-json\/wp\/v2\/posts\/3537","targetHints":{"allow":["GET"]}}],"collection":[{"href":"https:\/\/agora.xtec.cat\/escolacampclar\/wp-json\/wp\/v2\/posts"}],"about":[{"href":"https:\/\/agora.xtec.cat\/escolacampclar\/wp-json\/wp\/v2\/types\/post"}],"author":[{"embeddable":true,"href":"https:\/\/agora.xtec.cat\/escolacampclar\/wp-json\/wp\/v2\/users\/14"}],"replies":[{"embeddable":true,"href":"https:\/\/agora.xtec.cat\/escolacampclar\/wp-json\/wp\/v2\/comments?post=3537"}],"version-history":[{"count":1,"href":"https:\/\/agora.xtec.cat\/escolacampclar\/wp-json\/wp\/v2\/posts\/3537\/revisions"}],"predecessor-version":[{"id":3538,"href":"https:\/\/agora.xtec.cat\/escolacampclar\/wp-json\/wp\/v2\/posts\/3537\/revisions\/3538"}],"wp:featuredmedia":[{"embeddable":true,"href":"https:\/\/agora.xtec.cat\/escolacampclar\/wp-json\/wp\/v2\/media\/3539"}],"wp:attachment":[{"href":"https:\/\/agora.xtec.cat\/escolacampclar\/wp-json\/wp\/v2\/media?parent=3537"}],"wp:term":[{"taxonomy":"category","embeddable":true,"href":"https:\/\/agora.xtec.cat\/escolacampclar\/wp-json\/wp\/v2\/categories?post=3537"},{"taxonomy":"post_tag","embeddable":true,"href":"https:\/\/agora.xtec.cat\/escolacampclar\/wp-json\/wp\/v2\/tags?post=3537"}],"curies":[{"name":"wp","href":"https:\/\/api.w.org\/{rel}","templated":true}]}}