{"id":3465,"date":"2022-05-24T22:28:46","date_gmt":"2022-05-24T20:28:46","guid":{"rendered":"https:\/\/agora.xtec.cat\/escolacampclar\/?p=3465"},"modified":"2022-05-24T22:37:21","modified_gmt":"2022-05-24T20:37:21","slug":"museu-nacional-arqueologic-de-tarragona","status":"publish","type":"post","link":"https:\/\/agora.xtec.cat\/escolacampclar\/general\/museu-nacional-arqueologic-de-tarragona\/","title":{"rendered":"Museu Nacional Arqueol\u00f2gic de Tarragona"},"content":{"rendered":"<p>Avui els alumnes de 5\u00e8, s&#8217;han ficat en la pell d&#8217;aut\u00e8ntiques i aut\u00e8ntics Aurigues.<br \/>\nL\u2019alumnat ha pogut gaudir dels escenaris romans m\u00e9s emblem\u00e0tics de la ciutat de T\u00e0rraco.<br \/>\nHan quedat bocabadats!<br \/>\nA continuaci\u00f3 podeu veure un\u00a0recull de <a href=\"https:\/\/drive.google.com\/drive\/folders\/1qfP3WqHuAZLkpI8F11qU01Iq-rDHcdbl?usp=sharing\">fotografies<\/a>.<\/p>\n","protected":false},"excerpt":{"rendered":"<p>Avui els alumnes de 5\u00e8, s&#8217;han ficat en la pell d&#8217;aut\u00e8ntiques i aut\u00e8ntics Aurigues.<br \/>\nL\u2019alumnat ha pogut gaudir dels escenaris romans m\u00e9s emblem\u00e0tics de la ciutat de T\u00e0rraco.<br \/>\nHan quedat bocabadats!<br \/>\nA continuaci\u00f3 podeu veure un\u00a0recull de <a href=\"https:\/\/drive.google.com\/drive\/folders\/1qfP3WqHuAZLkpI8F11qU01Iq-rDHcdbl?usp=sharing\">fotografies<\/a>.<\/p>\n","protected":false},"author":14,"featured_media":3466,"comment_status":"open","ping_status":"closed","sticky":false,"template":"","format":"standard","meta":{"_bbp_topic_count":0,"_bbp_reply_count":0,"_bbp_total_topic_count":0,"_bbp_total_reply_count":0,"_bbp_voice_count":0,"_bbp_anonymous_reply_count":0,"_bbp_topic_count_hidden":0,"_bbp_reply_count_hidden":0,"_bbp_forum_subforum_count":0,"footnotes":""},"categories":[345,26,344,1],"tags":[34,63,43,44,87,68,16,55],"class_list":["post-3465","post","type-post","status-publish","format-standard","has-post-thumbnail","hentry","category-campclar","category-cicle-superior","category-escola-campclar","category-general","tag-campclar","tag-cicle-superior","tag-escola","tag-escola-campclar","tag-projecte","tag-sortida","tag-sortides","tag-tarragona"],"post_mailing_queue_ids":[],"_links":{"self":[{"href":"https:\/\/agora.xtec.cat\/escolacampclar\/wp-json\/wp\/v2\/posts\/3465","targetHints":{"allow":["GET"]}}],"collection":[{"href":"https:\/\/agora.xtec.cat\/escolacampclar\/wp-json\/wp\/v2\/posts"}],"about":[{"href":"https:\/\/agora.xtec.cat\/escolacampclar\/wp-json\/wp\/v2\/types\/post"}],"author":[{"embeddable":true,"href":"https:\/\/agora.xtec.cat\/escolacampclar\/wp-json\/wp\/v2\/users\/14"}],"replies":[{"embeddable":true,"href":"https:\/\/agora.xtec.cat\/escolacampclar\/wp-json\/wp\/v2\/comments?post=3465"}],"version-history":[{"count":2,"href":"https:\/\/agora.xtec.cat\/escolacampclar\/wp-json\/wp\/v2\/posts\/3465\/revisions"}],"predecessor-version":[{"id":3468,"href":"https:\/\/agora.xtec.cat\/escolacampclar\/wp-json\/wp\/v2\/posts\/3465\/revisions\/3468"}],"wp:featuredmedia":[{"embeddable":true,"href":"https:\/\/agora.xtec.cat\/escolacampclar\/wp-json\/wp\/v2\/media\/3466"}],"wp:attachment":[{"href":"https:\/\/agora.xtec.cat\/escolacampclar\/wp-json\/wp\/v2\/media?parent=3465"}],"wp:term":[{"taxonomy":"category","embeddable":true,"href":"https:\/\/agora.xtec.cat\/escolacampclar\/wp-json\/wp\/v2\/categories?post=3465"},{"taxonomy":"post_tag","embeddable":true,"href":"https:\/\/agora.xtec.cat\/escolacampclar\/wp-json\/wp\/v2\/tags?post=3465"}],"curies":[{"name":"wp","href":"https:\/\/api.w.org\/{rel}","templated":true}]}}