{"id":3457,"date":"2022-05-18T09:00:42","date_gmt":"2022-05-18T07:00:42","guid":{"rendered":"https:\/\/agora.xtec.cat\/escolacampclar\/?p=3457"},"modified":"2022-05-17T22:51:30","modified_gmt":"2022-05-17T20:51:30","slug":"sant-jordi-6","status":"publish","type":"post","link":"https:\/\/agora.xtec.cat\/escolacampclar\/general\/sant-jordi-6\/","title":{"rendered":"Sant Jordi"},"content":{"rendered":"<p>&nbsp;<\/p>\n<p><a href=\"https:\/\/agora.xtec.cat\/escolacampclar\/wp-content\/uploads\/usu687\/2022\/05\/SANT-JORDI.jpg\"><img loading=\"lazy\" decoding=\"async\" class=\" wp-image-3458 aligncenter\" src=\"https:\/\/agora.xtec.cat\/escolacampclar\/wp-content\/uploads\/usu687\/2022\/05\/SANT-JORDI-1024x819.jpg\" alt=\"\" width=\"559\" height=\"447\" srcset=\"https:\/\/agora.xtec.cat\/escolacampclar\/wp-content\/uploads\/usu687\/2022\/05\/SANT-JORDI-1024x819.jpg 1024w, https:\/\/agora.xtec.cat\/escolacampclar\/wp-content\/uploads\/usu687\/2022\/05\/SANT-JORDI-300x240.jpg 300w, https:\/\/agora.xtec.cat\/escolacampclar\/wp-content\/uploads\/usu687\/2022\/05\/SANT-JORDI-768x614.jpg 768w, https:\/\/agora.xtec.cat\/escolacampclar\/wp-content\/uploads\/usu687\/2022\/05\/SANT-JORDI-1536x1229.jpg 1536w, https:\/\/agora.xtec.cat\/escolacampclar\/wp-content\/uploads\/usu687\/2022\/05\/SANT-JORDI.jpg 2000w\" sizes=\"auto, (max-width: 559px) 100vw, 559px\" \/><\/a><\/p>\n<p>Els alumnes d&#8217;aula d&#8217;acollida de 4t (Rayan) 5\u00e8 (Saliou) 6\u00e8A(Ahmed,Manal,Baseema,Ismail) i 6\u00e8B(Anouar,Yassine,Mohamed,Ahmed, Boutaina,Hidaya) han representat l&#8217;obra de teatre de Sant Jordi al porxo de l&#8217;escola.<br \/>\nLa comunitat dels grans ha assistit com a p\u00fablic.<br \/>\nHo han fet molt b\u00e9 i han rebut un fort aplaudiment.<br \/>\nVisca Sant Jordi!!<\/p>\n<p>A continuaci\u00f3 podeu veure<a href=\"https:\/\/drive.google.com\/drive\/folders\/11vXIxh1mDF1rhMUj7C-G1QiC_2j0nmMU?usp=sharing\"> un recull de fotografies<\/a><\/p>\n","protected":false},"excerpt":{"rendered":"<p>&nbsp;<br \/>\n<a href=\"https:\/\/agora.xtec.cat\/escolacampclar\/wp-content\/uploads\/usu687\/2022\/05\/SANT-JORDI.jpg\"><\/a><br \/>\nEls alumnes d&#8217;aula d&#8217;acollida de 4t (Rayan) 5\u00e8 (Saliou) 6\u00e8A(Ahmed,Manal,Baseema,Ismail) i 6\u00e8B(Anouar,Yassine,Mohamed,Ahmed, Boutaina,Hidaya) han representat l&#8217;obra de teatre de Sant Jordi al porxo de l&#8217;escola.<br \/>\nLa comunitat dels grans ha assistit com a p\u00fablic.<br \/>\nHo han fet molt b\u00e9 i han rebut un fort aplaudiment.<br \/>\nVisca Sant&hellip;  <a href=\"https:\/\/agora.xtec.cat\/escolacampclar\/general\/sant-jordi-6\/\" title=\"Read Sant Jordi\">Llegeix m\u00e9s\u00bb<\/a><\/p>\n","protected":false},"author":14,"featured_media":3458,"comment_status":"open","ping_status":"closed","sticky":false,"template":"","format":"standard","meta":{"_bbp_topic_count":0,"_bbp_reply_count":0,"_bbp_total_topic_count":0,"_bbp_total_reply_count":0,"_bbp_voice_count":0,"_bbp_anonymous_reply_count":0,"_bbp_topic_count_hidden":0,"_bbp_reply_count_hidden":0,"_bbp_forum_subforum_count":0,"footnotes":""},"categories":[26,344,1],"tags":[63,44,187],"class_list":["post-3457","post","type-post","status-publish","format-standard","has-post-thumbnail","hentry","category-cicle-superior","category-escola-campclar","category-general","tag-cicle-superior","tag-escola-campclar","tag-sant-jordi"],"post_mailing_queue_ids":[],"_links":{"self":[{"href":"https:\/\/agora.xtec.cat\/escolacampclar\/wp-json\/wp\/v2\/posts\/3457","targetHints":{"allow":["GET"]}}],"collection":[{"href":"https:\/\/agora.xtec.cat\/escolacampclar\/wp-json\/wp\/v2\/posts"}],"about":[{"href":"https:\/\/agora.xtec.cat\/escolacampclar\/wp-json\/wp\/v2\/types\/post"}],"author":[{"embeddable":true,"href":"https:\/\/agora.xtec.cat\/escolacampclar\/wp-json\/wp\/v2\/users\/14"}],"replies":[{"embeddable":true,"href":"https:\/\/agora.xtec.cat\/escolacampclar\/wp-json\/wp\/v2\/comments?post=3457"}],"version-history":[{"count":1,"href":"https:\/\/agora.xtec.cat\/escolacampclar\/wp-json\/wp\/v2\/posts\/3457\/revisions"}],"predecessor-version":[{"id":3459,"href":"https:\/\/agora.xtec.cat\/escolacampclar\/wp-json\/wp\/v2\/posts\/3457\/revisions\/3459"}],"wp:featuredmedia":[{"embeddable":true,"href":"https:\/\/agora.xtec.cat\/escolacampclar\/wp-json\/wp\/v2\/media\/3458"}],"wp:attachment":[{"href":"https:\/\/agora.xtec.cat\/escolacampclar\/wp-json\/wp\/v2\/media?parent=3457"}],"wp:term":[{"taxonomy":"category","embeddable":true,"href":"https:\/\/agora.xtec.cat\/escolacampclar\/wp-json\/wp\/v2\/categories?post=3457"},{"taxonomy":"post_tag","embeddable":true,"href":"https:\/\/agora.xtec.cat\/escolacampclar\/wp-json\/wp\/v2\/tags?post=3457"}],"curies":[{"name":"wp","href":"https:\/\/api.w.org\/{rel}","templated":true}]}}