{"id":3454,"date":"2022-05-17T22:40:24","date_gmt":"2022-05-17T20:40:24","guid":{"rendered":"https:\/\/agora.xtec.cat\/escolacampclar\/?p=3454"},"modified":"2022-05-17T22:52:08","modified_gmt":"2022-05-17T20:52:08","slug":"guardia-urbana-3","status":"publish","type":"post","link":"https:\/\/agora.xtec.cat\/escolacampclar\/general\/guardia-urbana-3\/","title":{"rendered":"GU\u00c0RDIA URBANA"},"content":{"rendered":"<p>&nbsp;<\/p>\n<p><a href=\"https:\/\/agora.xtec.cat\/escolacampclar\/wp-content\/uploads\/usu687\/2022\/05\/Guardia-Urbana.jpg\"><img loading=\"lazy\" decoding=\"async\" class=\"wp-image-3455 aligncenter\" src=\"https:\/\/agora.xtec.cat\/escolacampclar\/wp-content\/uploads\/usu687\/2022\/05\/Guardia-Urbana-1024x819.jpg\" alt=\"\" width=\"544\" height=\"435\" srcset=\"https:\/\/agora.xtec.cat\/escolacampclar\/wp-content\/uploads\/usu687\/2022\/05\/Guardia-Urbana-1024x819.jpg 1024w, https:\/\/agora.xtec.cat\/escolacampclar\/wp-content\/uploads\/usu687\/2022\/05\/Guardia-Urbana-300x240.jpg 300w, https:\/\/agora.xtec.cat\/escolacampclar\/wp-content\/uploads\/usu687\/2022\/05\/Guardia-Urbana-768x614.jpg 768w, https:\/\/agora.xtec.cat\/escolacampclar\/wp-content\/uploads\/usu687\/2022\/05\/Guardia-Urbana-1536x1229.jpg 1536w, https:\/\/agora.xtec.cat\/escolacampclar\/wp-content\/uploads\/usu687\/2022\/05\/Guardia-Urbana.jpg 2000w\" sizes=\"auto, (max-width: 544px) 100vw, 544px\" \/><\/a><\/p>\n<p>Durant la setmana ens ha visitat la Gu\u00e0rdia Urbana.<br \/>\nEns han explicat quines s\u00f3n les tasques dels policies, per a qu\u00e8 serveixen les seves eines, hem pujat als seus vehicles i hem apr\u00e8s el n\u00famero de tel\u00e8fon on trucar-los, el 112.<br \/>\nPodeu veure un <a href=\"https:\/\/drive.google.com\/drive\/folders\/16d5W0MotLXF6CAAsV0QVRGJSDdRePJjj?usp=sharing\">recull de fotos<\/a>.<\/p>\n","protected":false},"excerpt":{"rendered":"<p>&nbsp;<br \/>\n<a href=\"https:\/\/agora.xtec.cat\/escolacampclar\/wp-content\/uploads\/usu687\/2022\/05\/Guardia-Urbana.jpg\"><\/a><br \/>\nDurant la setmana ens ha visitat la Gu\u00e0rdia Urbana.<br \/>\nEns han explicat quines s\u00f3n les tasques dels policies, per a qu\u00e8 serveixen les seves eines, hem pujat als seus vehicles i hem apr\u00e8s el n\u00famero de tel\u00e8fon on trucar-los, el 112.<br \/>\nPodeu veure un <a href=\"https:\/\/drive.google.com\/drive\/folders\/16d5W0MotLXF6CAAsV0QVRGJSDdRePJjj?usp=sharing\">recull&hellip;  <a href=\"https:\/\/agora.xtec.cat\/escolacampclar\/general\/guardia-urbana-3\/\" title=\"Read GU\u00c0RDIA URBANA\">Llegeix m\u00e9s\u00bb<\/a><\/p>\n","protected":false},"author":14,"featured_media":3455,"comment_status":"open","ping_status":"closed","sticky":false,"template":"","format":"standard","meta":{"_bbp_topic_count":0,"_bbp_reply_count":0,"_bbp_total_topic_count":0,"_bbp_total_reply_count":0,"_bbp_voice_count":0,"_bbp_anonymous_reply_count":0,"_bbp_topic_count_hidden":0,"_bbp_reply_count_hidden":0,"_bbp_forum_subforum_count":0,"footnotes":""},"categories":[59,344,1],"tags":[42,44],"class_list":["post-3454","post","type-post","status-publish","format-standard","has-post-thumbnail","hentry","category-infantil","category-escola-campclar","category-general","tag-educacio-infantil-2","tag-escola-campclar"],"post_mailing_queue_ids":[],"_links":{"self":[{"href":"https:\/\/agora.xtec.cat\/escolacampclar\/wp-json\/wp\/v2\/posts\/3454","targetHints":{"allow":["GET"]}}],"collection":[{"href":"https:\/\/agora.xtec.cat\/escolacampclar\/wp-json\/wp\/v2\/posts"}],"about":[{"href":"https:\/\/agora.xtec.cat\/escolacampclar\/wp-json\/wp\/v2\/types\/post"}],"author":[{"embeddable":true,"href":"https:\/\/agora.xtec.cat\/escolacampclar\/wp-json\/wp\/v2\/users\/14"}],"replies":[{"embeddable":true,"href":"https:\/\/agora.xtec.cat\/escolacampclar\/wp-json\/wp\/v2\/comments?post=3454"}],"version-history":[{"count":1,"href":"https:\/\/agora.xtec.cat\/escolacampclar\/wp-json\/wp\/v2\/posts\/3454\/revisions"}],"predecessor-version":[{"id":3456,"href":"https:\/\/agora.xtec.cat\/escolacampclar\/wp-json\/wp\/v2\/posts\/3454\/revisions\/3456"}],"wp:featuredmedia":[{"embeddable":true,"href":"https:\/\/agora.xtec.cat\/escolacampclar\/wp-json\/wp\/v2\/media\/3455"}],"wp:attachment":[{"href":"https:\/\/agora.xtec.cat\/escolacampclar\/wp-json\/wp\/v2\/media?parent=3454"}],"wp:term":[{"taxonomy":"category","embeddable":true,"href":"https:\/\/agora.xtec.cat\/escolacampclar\/wp-json\/wp\/v2\/categories?post=3454"},{"taxonomy":"post_tag","embeddable":true,"href":"https:\/\/agora.xtec.cat\/escolacampclar\/wp-json\/wp\/v2\/tags?post=3454"}],"curies":[{"name":"wp","href":"https:\/\/api.w.org\/{rel}","templated":true}]}}