{"id":3438,"date":"2022-05-09T10:14:01","date_gmt":"2022-05-09T08:14:01","guid":{"rendered":"https:\/\/agora.xtec.cat\/escolacampclar\/?p=3438"},"modified":"2022-05-09T10:14:01","modified_gmt":"2022-05-09T08:14:01","slug":"lliga-el-conte-i-passal-3","status":"publish","type":"post","link":"https:\/\/agora.xtec.cat\/escolacampclar\/general\/lliga-el-conte-i-passal-3\/","title":{"rendered":"Lliga el conte i passa&#8217;l"},"content":{"rendered":"<p>&nbsp;<\/p>\n<p><a href=\"https:\/\/agora.xtec.cat\/escolacampclar\/wp-content\/uploads\/usu687\/2022\/05\/Lliga-el-conte-i-passal.png\"><img loading=\"lazy\" decoding=\"async\" class=\"wp-image-3439 aligncenter\" src=\"https:\/\/agora.xtec.cat\/escolacampclar\/wp-content\/uploads\/usu687\/2022\/05\/Lliga-el-conte-i-passal.png\" alt=\"\" width=\"370\" height=\"296\" srcset=\"https:\/\/agora.xtec.cat\/escolacampclar\/wp-content\/uploads\/usu687\/2022\/05\/Lliga-el-conte-i-passal.png 945w, https:\/\/agora.xtec.cat\/escolacampclar\/wp-content\/uploads\/usu687\/2022\/05\/Lliga-el-conte-i-passal-300x240.png 300w, https:\/\/agora.xtec.cat\/escolacampclar\/wp-content\/uploads\/usu687\/2022\/05\/Lliga-el-conte-i-passal-768x614.png 768w\" sizes=\"auto, (max-width: 370px) 100vw, 370px\" \/><\/a><\/p>\n<p>La setmana passada els alumnes de 1r i 2n van anar a la Biblioteca del Centre C\u00edvic de Torreforta compartint una estona liter\u00e0ria amb l&#8217;Agust\u00ed.<\/p>\n<p>Aquesta activitat forma part del Pla Educatiu d&#8217;Entorn: Lliga el conte i passa&#8217;l.<\/p>\n<p>Moltes gr\u00e0cies, Agust\u00ed, ens ho hem passat molt b\u00e9!<\/p>\n<p>A continuaci\u00f3 podeu veure un <a href=\"https:\/\/drive.google.com\/drive\/folders\/11rGEPvsFq1SeJIKFRvyg9Cbni3xiTMZk?usp=sharing\">recull de fotografies.<\/a><\/p>\n","protected":false},"excerpt":{"rendered":"<p>&nbsp;<br \/>\n<a href=\"https:\/\/agora.xtec.cat\/escolacampclar\/wp-content\/uploads\/usu687\/2022\/05\/Lliga-el-conte-i-passal.png\"><\/a><br \/>\nLa setmana passada els alumnes de 1r i 2n van anar a la Biblioteca del Centre C\u00edvic de Torreforta compartint una estona liter\u00e0ria amb l&#8217;Agust\u00ed.<br \/>\nAquesta activitat forma part del Pla Educatiu d&#8217;Entorn: Lliga el conte i passa&#8217;l.<br \/>\nMoltes gr\u00e0cies, Agust\u00ed, ens ho hem passat molt&hellip;  <a href=\"https:\/\/agora.xtec.cat\/escolacampclar\/general\/lliga-el-conte-i-passal-3\/\" title=\"Read Lliga el conte i passa&#8217;l\">Llegeix m\u00e9s\u00bb<\/a><\/p>\n","protected":false},"author":14,"featured_media":3439,"comment_status":"open","ping_status":"closed","sticky":false,"template":"","format":"standard","meta":{"_bbp_topic_count":0,"_bbp_reply_count":0,"_bbp_total_topic_count":0,"_bbp_total_reply_count":0,"_bbp_voice_count":0,"_bbp_anonymous_reply_count":0,"_bbp_topic_count_hidden":0,"_bbp_reply_count_hidden":0,"_bbp_forum_subforum_count":0,"footnotes":""},"categories":[23,24,344,1],"tags":[36,44],"class_list":["post-3438","post","type-post","status-publish","format-standard","has-post-thumbnail","hentry","category-biblioteca","category-cicle-inicial","category-escola-campclar","category-general","tag-cicle-inicial","tag-escola-campclar"],"post_mailing_queue_ids":[],"_links":{"self":[{"href":"https:\/\/agora.xtec.cat\/escolacampclar\/wp-json\/wp\/v2\/posts\/3438","targetHints":{"allow":["GET"]}}],"collection":[{"href":"https:\/\/agora.xtec.cat\/escolacampclar\/wp-json\/wp\/v2\/posts"}],"about":[{"href":"https:\/\/agora.xtec.cat\/escolacampclar\/wp-json\/wp\/v2\/types\/post"}],"author":[{"embeddable":true,"href":"https:\/\/agora.xtec.cat\/escolacampclar\/wp-json\/wp\/v2\/users\/14"}],"replies":[{"embeddable":true,"href":"https:\/\/agora.xtec.cat\/escolacampclar\/wp-json\/wp\/v2\/comments?post=3438"}],"version-history":[{"count":1,"href":"https:\/\/agora.xtec.cat\/escolacampclar\/wp-json\/wp\/v2\/posts\/3438\/revisions"}],"predecessor-version":[{"id":3440,"href":"https:\/\/agora.xtec.cat\/escolacampclar\/wp-json\/wp\/v2\/posts\/3438\/revisions\/3440"}],"wp:featuredmedia":[{"embeddable":true,"href":"https:\/\/agora.xtec.cat\/escolacampclar\/wp-json\/wp\/v2\/media\/3439"}],"wp:attachment":[{"href":"https:\/\/agora.xtec.cat\/escolacampclar\/wp-json\/wp\/v2\/media?parent=3438"}],"wp:term":[{"taxonomy":"category","embeddable":true,"href":"https:\/\/agora.xtec.cat\/escolacampclar\/wp-json\/wp\/v2\/categories?post=3438"},{"taxonomy":"post_tag","embeddable":true,"href":"https:\/\/agora.xtec.cat\/escolacampclar\/wp-json\/wp\/v2\/tags?post=3438"}],"curies":[{"name":"wp","href":"https:\/\/api.w.org\/{rel}","templated":true}]}}