{"id":342,"date":"2011-05-03T12:11:08","date_gmt":"2011-05-03T11:11:08","guid":{"rendered":"http:\/\/blocs.xtec.cat\/campclar\/2011\/05\/03\/jocs-tradicionals-a-lhora-del-pati\/"},"modified":"2011-05-03T12:11:08","modified_gmt":"2011-05-03T11:11:08","slug":"jocs-tradicionals-a-lhora-del-pati","status":"publish","type":"post","link":"https:\/\/agora.xtec.cat\/escolacampclar\/general\/jocs-tradicionals-a-lhora-del-pati\/","title":{"rendered":"JOCS TRADICIONALS A L&#8217;HORA DEL PATI"},"content":{"rendered":"<p>Des de l\u2019area d\u2019Educaci\u00f3 F\u00edsica, un any m\u00e9s hem iniciat durant el segon trimestre i fins a meitats d\u2019aquest tercer trimestre, el projecte de jocs tradicionals a l\u2019escola.<br \/>\n\tTal i com ja sabeu, aquest projecte implica a tota l\u2019escola, fent que els nens i nenes de 6\u00e8 com a monitors i encarregats de les activitats i la resta d\u2019alumnes i mestres com a participants en les diferents \u00e0rees i jocs preestablerts.<br \/>\n\tUna vegada m\u00e9s la iniciativa ha estat molt ben rebuda per part dels nens i nenes  i no tan per part dels mestres, que com cada any, participen escassament en els jocs. Per\u00f2 b\u00e9, nosaltres , des del  departament d\u2019Educaci\u00f3 F\u00edsica, seguirem impulsant la total participaci\u00f3.<br \/>\n            Com a cloenda, dir que moltes gr\u00e0cies a tots i totes, que la valoraci\u00f3 de les diferents jornades i les que vindran ha estat i ser\u00e0 del tot positiva . Seguirem  algunes semanes m\u00e9s el projecte de Jocs i animar a tots i totes  a participar!!!!!!!!!!!!!!!!!!!!!!!!!!!!!!<\/p>\n<table style=\"width:auto\">\n<tr>\n<td><a href=\"https:\/\/picasaweb.google.com\/lh\/photo\/yL6_SeQmuusQI9nn6DN5DrhQr4e2Qhxr7YFisBzldLo?feat=embedwebsite\"><img loading=\"lazy\" decoding=\"async\" src=\"https:\/\/lh3.googleusercontent.com\/_IgWaewR6l08\/TcF9oDFtLwI\/AAAAAAAAACs\/lQTAQaUO6TY\/s144\/JOCS%20TRADICIONALS1.jpg\" height=\"108\" width=\"144\" \/><\/a><\/td>\n<\/tr>\n<tr>\n<td style=\"font-family:arial,sans-serif;font-size:11px;text-align:right\">De <a href=\"https:\/\/picasaweb.google.com\/jmoren55\/JocsTradicionals?authkey=Gv1sRgCNz5u-m_mcblNw&amp;feat=embedwebsite\">Jocs Tradicionals<\/a><\/td>\n<\/tr>\n<\/table>\n","protected":false},"excerpt":{"rendered":"<p>Des de l\u2019area d\u2019Educaci\u00f3 F\u00edsica, un any m\u00e9s hem iniciat durant el segon trimestre i fins a meitats d\u2019aquest tercer trimestre, el projecte de jocs tradicionals a l\u2019escola.<br \/>\n\tTal i com ja sabeu, aquest projecte implica a tota l\u2019escola, fent que els nens i nenes de&hellip;  <a href=\"https:\/\/agora.xtec.cat\/escolacampclar\/general\/jocs-tradicionals-a-lhora-del-pati\/\" title=\"Read JOCS TRADICIONALS A L&#8217;HORA DEL PATI\">Llegeix m\u00e9s\u00bb<\/a><\/p>\n","protected":false},"author":1,"featured_media":0,"comment_status":"open","ping_status":"open","sticky":false,"template":"","format":"standard","meta":{"_bbp_topic_count":0,"_bbp_reply_count":0,"_bbp_total_topic_count":0,"_bbp_total_reply_count":0,"_bbp_voice_count":0,"_bbp_anonymous_reply_count":0,"_bbp_topic_count_hidden":0,"_bbp_reply_count_hidden":0,"_bbp_forum_subforum_count":0,"footnotes":""},"categories":[25,27,1],"tags":[41,51],"class_list":["post-342","post","type-post","status-publish","format-standard","hentry","category-cicle-mitja","category-e-fisica","category-general","tag-educacio-fisica","tag-jocs-tradicionals"],"post_mailing_queue_ids":[],"_links":{"self":[{"href":"https:\/\/agora.xtec.cat\/escolacampclar\/wp-json\/wp\/v2\/posts\/342","targetHints":{"allow":["GET"]}}],"collection":[{"href":"https:\/\/agora.xtec.cat\/escolacampclar\/wp-json\/wp\/v2\/posts"}],"about":[{"href":"https:\/\/agora.xtec.cat\/escolacampclar\/wp-json\/wp\/v2\/types\/post"}],"author":[{"embeddable":true,"href":"https:\/\/agora.xtec.cat\/escolacampclar\/wp-json\/wp\/v2\/users\/1"}],"replies":[{"embeddable":true,"href":"https:\/\/agora.xtec.cat\/escolacampclar\/wp-json\/wp\/v2\/comments?post=342"}],"version-history":[{"count":0,"href":"https:\/\/agora.xtec.cat\/escolacampclar\/wp-json\/wp\/v2\/posts\/342\/revisions"}],"wp:attachment":[{"href":"https:\/\/agora.xtec.cat\/escolacampclar\/wp-json\/wp\/v2\/media?parent=342"}],"wp:term":[{"taxonomy":"category","embeddable":true,"href":"https:\/\/agora.xtec.cat\/escolacampclar\/wp-json\/wp\/v2\/categories?post=342"},{"taxonomy":"post_tag","embeddable":true,"href":"https:\/\/agora.xtec.cat\/escolacampclar\/wp-json\/wp\/v2\/tags?post=342"}],"curies":[{"name":"wp","href":"https:\/\/api.w.org\/{rel}","templated":true}]}}