{"id":3418,"date":"2022-05-04T15:47:24","date_gmt":"2022-05-04T13:47:24","guid":{"rendered":"https:\/\/agora.xtec.cat\/escolacampclar\/?p=3418"},"modified":"2022-05-05T09:27:32","modified_gmt":"2022-05-05T07:27:32","slug":"concurs-lilterari","status":"publish","type":"post","link":"https:\/\/agora.xtec.cat\/escolacampclar\/general\/concurs-lilterari\/","title":{"rendered":"CONCURS LILTERARI"},"content":{"rendered":"<p>&nbsp;<\/p>\n<p><a href=\"https:\/\/agora.xtec.cat\/escolacampclar\/wp-content\/uploads\/usu687\/2022\/05\/Concurs-literari.png\"><img loading=\"lazy\" decoding=\"async\" class=\"size-full wp-image-3419 aligncenter\" src=\"https:\/\/agora.xtec.cat\/escolacampclar\/wp-content\/uploads\/usu687\/2022\/05\/Concurs-literari.png\" alt=\"\" width=\"350\" height=\"350\" srcset=\"https:\/\/agora.xtec.cat\/escolacampclar\/wp-content\/uploads\/usu687\/2022\/05\/Concurs-literari.png 350w, https:\/\/agora.xtec.cat\/escolacampclar\/wp-content\/uploads\/usu687\/2022\/05\/Concurs-literari-300x300.png 300w, https:\/\/agora.xtec.cat\/escolacampclar\/wp-content\/uploads\/usu687\/2022\/05\/Concurs-literari-150x150.png 150w\" sizes=\"auto, (max-width: 350px) 100vw, 350px\" \/><\/a><\/p>\n<p>&nbsp;<\/p>\n<p>El passat 25 d&#8217;abril, per celebrar la diada de Sant Jordi, ens vam reunir la comunitat educativa per fer l&#8217;entrega dels premis del IV Certamen Literari.<\/p>\n<p>Aquest any la tem\u00e0tica ha estat &#8220;ELS INVENTS, INVENTORES I INVENTORS&#8221;.<\/p>\n<p>Les produccions que han realitzat\u00a0 a infantil han estat art\u00edstiques i a prim\u00e0ria van ser produccions liter\u00e0ries.<\/p>\n<p>En finalitzar l&#8217;acta tota l&#8217;escola va cantar l&#8217;himne de l&#8217;escola.<\/p>\n<p>A continuaci\u00f3 podreu veure un <a href=\"https:\/\/drive.google.com\/drive\/folders\/11qpdCYzK6V2teN2Crr5xakzwh55YSn53?usp=sharing\">recull d&#8217;imatges.<\/a><\/p>\n","protected":false},"excerpt":{"rendered":"<p>&nbsp;<br \/>\n<a href=\"https:\/\/agora.xtec.cat\/escolacampclar\/wp-content\/uploads\/usu687\/2022\/05\/Concurs-literari.png\"><\/a><br \/>\n&nbsp;<br \/>\nEl passat 25 d&#8217;abril, per celebrar la diada de Sant Jordi, ens vam reunir la comunitat educativa per fer l&#8217;entrega dels premis del IV Certamen Literari.<br \/>\nAquest any la tem\u00e0tica ha estat &#8220;ELS INVENTS, INVENTORES I INVENTORS&#8221;.<br \/>\nLes produccions que han realitzat\u00a0 a infantil han estat&hellip;  <a href=\"https:\/\/agora.xtec.cat\/escolacampclar\/general\/concurs-lilterari\/\" title=\"Read CONCURS LILTERARI\">Llegeix m\u00e9s\u00bb<\/a><\/p>\n","protected":false},"author":14,"featured_media":3419,"comment_status":"open","ping_status":"closed","sticky":false,"template":"","format":"standard","meta":{"_bbp_topic_count":0,"_bbp_reply_count":0,"_bbp_total_topic_count":0,"_bbp_total_reply_count":0,"_bbp_voice_count":0,"_bbp_anonymous_reply_count":0,"_bbp_topic_count_hidden":0,"_bbp_reply_count_hidden":0,"_bbp_forum_subforum_count":0,"footnotes":""},"categories":[24,25,26,344,1],"tags":[36,37,63,42,44],"class_list":["post-3418","post","type-post","status-publish","format-standard","has-post-thumbnail","hentry","category-cicle-inicial","category-cicle-mitja","category-cicle-superior","category-escola-campclar","category-general","tag-cicle-inicial","tag-cicle-mitja-2","tag-cicle-superior","tag-educacio-infantil-2","tag-escola-campclar"],"post_mailing_queue_ids":[],"_links":{"self":[{"href":"https:\/\/agora.xtec.cat\/escolacampclar\/wp-json\/wp\/v2\/posts\/3418","targetHints":{"allow":["GET"]}}],"collection":[{"href":"https:\/\/agora.xtec.cat\/escolacampclar\/wp-json\/wp\/v2\/posts"}],"about":[{"href":"https:\/\/agora.xtec.cat\/escolacampclar\/wp-json\/wp\/v2\/types\/post"}],"author":[{"embeddable":true,"href":"https:\/\/agora.xtec.cat\/escolacampclar\/wp-json\/wp\/v2\/users\/14"}],"replies":[{"embeddable":true,"href":"https:\/\/agora.xtec.cat\/escolacampclar\/wp-json\/wp\/v2\/comments?post=3418"}],"version-history":[{"count":3,"href":"https:\/\/agora.xtec.cat\/escolacampclar\/wp-json\/wp\/v2\/posts\/3418\/revisions"}],"predecessor-version":[{"id":3423,"href":"https:\/\/agora.xtec.cat\/escolacampclar\/wp-json\/wp\/v2\/posts\/3418\/revisions\/3423"}],"wp:featuredmedia":[{"embeddable":true,"href":"https:\/\/agora.xtec.cat\/escolacampclar\/wp-json\/wp\/v2\/media\/3419"}],"wp:attachment":[{"href":"https:\/\/agora.xtec.cat\/escolacampclar\/wp-json\/wp\/v2\/media?parent=3418"}],"wp:term":[{"taxonomy":"category","embeddable":true,"href":"https:\/\/agora.xtec.cat\/escolacampclar\/wp-json\/wp\/v2\/categories?post=3418"},{"taxonomy":"post_tag","embeddable":true,"href":"https:\/\/agora.xtec.cat\/escolacampclar\/wp-json\/wp\/v2\/tags?post=3418"}],"curies":[{"name":"wp","href":"https:\/\/api.w.org\/{rel}","templated":true}]}}