{"id":341,"date":"2011-05-05T11:00:10","date_gmt":"2011-05-05T10:00:10","guid":{"rendered":"http:\/\/blocs.xtec.cat\/campclar\/?p=341"},"modified":"2011-05-05T11:00:10","modified_gmt":"2011-05-05T10:00:10","slug":"el-projecte-de-lhort-escolar","status":"publish","type":"post","link":"https:\/\/agora.xtec.cat\/escolacampclar\/general\/el-projecte-de-lhort-escolar\/","title":{"rendered":"EL PROJECTE DE L&#8217;HORT ESCOLAR"},"content":{"rendered":"<p>Una iniciativa de l\u2019escola amb la inestimable col\u2022laboraci\u00f3 del PIC Campclar ha perm\u00e9s portar a terme en un dels espais verds que gaudim al nostre centre, de \u201c L\u2019Hort Escolar\u201d.<br \/>\nJa fa temps que pens\u00e0vem en poder tenir un espai millor i m\u00e9s adequat a les necessitats canviants de la nostra escola i una ampliaci\u00f3 i especificaci\u00f3 dels aprenentatges que en ella  podem portar a terme envers diverses mat\u00e8ries.<br \/>\nFins al moment l\u2019acceptaci\u00f3 de l\u2019activitat de l\u2019hort ha estat molt bona per part de tota la comunitat educativa, ja siguin els nens i nenes de l\u2019escola ( des dels m\u00e9s petits i fins als m\u00e9s grans), els mestres i fins i tot els pares i mares.<br \/>\n\tAmb el recolzament t\u00e8cnic que ens ha ofert el PIC i la col\u2022laboraci\u00f3 de l\u2019escola, hem engegat el projecte que implica i mobilitza a tota l\u2019escola, cadasc\u00fa al seu nivell, per a fer un tractament i estudi de les diferents varietats tan de cultius i productes com de l\u2019alimentaci\u00f3 i fins i tot el respecte i la cura del nostre entorn m\u00e9s proper.<br \/>\n\tM\u00e9s endavant podrem fer una valoraci\u00f3 m\u00e9s acurada del que ha estat l\u2019hort com a projecte de treball, per\u00f2 de moment i observant les diferents fotografies que hi ha a continuaci\u00f3, sembla que ser\u00e0 un \u00e8xit rotund.<\/p>\n","protected":false},"excerpt":{"rendered":"<p>Una iniciativa de l\u2019escola amb la inestimable col\u2022laboraci\u00f3 del PIC Campclar ha perm\u00e9s portar a terme en un dels espais verds que gaudim al nostre centre, de \u201c L\u2019Hort Escolar\u201d.<br \/>\nJa fa temps que pens\u00e0vem en poder tenir un espai millor i m\u00e9s adequat a les&hellip;  <a href=\"https:\/\/agora.xtec.cat\/escolacampclar\/general\/el-projecte-de-lhort-escolar\/\" title=\"Read EL PROJECTE DE L&#8217;HORT ESCOLAR\">Llegeix m\u00e9s\u00bb<\/a><\/p>\n","protected":false},"author":1,"featured_media":0,"comment_status":"open","ping_status":"open","sticky":false,"template":"","format":"standard","meta":{"_bbp_topic_count":0,"_bbp_reply_count":0,"_bbp_total_topic_count":0,"_bbp_total_reply_count":0,"_bbp_voice_count":0,"_bbp_anonymous_reply_count":0,"_bbp_topic_count_hidden":0,"_bbp_reply_count_hidden":0,"_bbp_forum_subforum_count":0,"footnotes":""},"categories":[1],"tags":[44,48],"class_list":["post-341","post","type-post","status-publish","format-standard","hentry","category-general","tag-escola-campclar","tag-hort-escolar"],"post_mailing_queue_ids":[],"_links":{"self":[{"href":"https:\/\/agora.xtec.cat\/escolacampclar\/wp-json\/wp\/v2\/posts\/341","targetHints":{"allow":["GET"]}}],"collection":[{"href":"https:\/\/agora.xtec.cat\/escolacampclar\/wp-json\/wp\/v2\/posts"}],"about":[{"href":"https:\/\/agora.xtec.cat\/escolacampclar\/wp-json\/wp\/v2\/types\/post"}],"author":[{"embeddable":true,"href":"https:\/\/agora.xtec.cat\/escolacampclar\/wp-json\/wp\/v2\/users\/1"}],"replies":[{"embeddable":true,"href":"https:\/\/agora.xtec.cat\/escolacampclar\/wp-json\/wp\/v2\/comments?post=341"}],"version-history":[{"count":0,"href":"https:\/\/agora.xtec.cat\/escolacampclar\/wp-json\/wp\/v2\/posts\/341\/revisions"}],"wp:attachment":[{"href":"https:\/\/agora.xtec.cat\/escolacampclar\/wp-json\/wp\/v2\/media?parent=341"}],"wp:term":[{"taxonomy":"category","embeddable":true,"href":"https:\/\/agora.xtec.cat\/escolacampclar\/wp-json\/wp\/v2\/categories?post=341"},{"taxonomy":"post_tag","embeddable":true,"href":"https:\/\/agora.xtec.cat\/escolacampclar\/wp-json\/wp\/v2\/tags?post=341"}],"curies":[{"name":"wp","href":"https:\/\/api.w.org\/{rel}","templated":true}]}}