{"id":339,"date":"2011-02-22T20:14:31","date_gmt":"2011-02-22T19:14:31","guid":{"rendered":"http:\/\/blocs.xtec.cat\/campclar\/2011\/02\/22\/activitats-de-nadal-al-parvulari-2\/"},"modified":"2011-02-22T20:14:31","modified_gmt":"2011-02-22T19:14:31","slug":"activitats-de-nadal-al-parvulari-2","status":"publish","type":"post","link":"https:\/\/agora.xtec.cat\/escolacampclar\/general\/activitats-de-nadal-al-parvulari-2\/","title":{"rendered":"ACTIVITATS DE NADAL AL PARVULARI."},"content":{"rendered":"<p>Durant el mes de desembre els infants  d&#8217;educaci\u00f3 infantil han realitzat diferents activitats relacionades amb l&#8217;hivern i el Nadal (caga Ti\u00f3, assaig del poema, tallers de les tapes dels \u00e0lbums, disfresses de pastorets&#8230;).<br \/>\nAqu\u00ed teniu una mostra d&#8217;algunes de les activitats realitzades.<\/p>\n<div style=\"width:400px;font-family:arial,sans-serif;font-size:13px\">\n<div><embed type=\"application\/x-shockwave-flash\" src=\"https:\/\/picasaweb.google.com\/s\/c\/bin\/slideshow.swf\" width=\"400\" height=\"267\" flashvars=\"host=picasaweb.google.com&amp;hl=es&amp;feat=flashalbum&amp;RGB=0x000000&amp;feed=https%3A%2F%2Fpicasaweb.google.com%2Fdata%2Ffeed%2Fapi%2Fuser%2Fomarti8%2Falbumid%2F5607710277678123297%3Falt%3Drss%26kind%3Dphoto%26hl%3Des\" pluginspage=\"http:\/\/www.macromedia.com\/go\/getflashplayer\"><\/embed><\/div>\n<p><span style=\"float:left\"><a href=\"https:\/\/picasaweb.google.com\/omarti8\/BLOCNADALDEFINITIU?feat=flashalbum\">Ver todas<\/a><\/span><\/p>\n<div style=\"text-align:right\"><a href=\"http:\/\/picasaweb.google.com\/lh\/getEmbed?feat=flashalbum\">Consigue el tuyo<\/a><\/div>\n<\/div>\n","protected":false},"excerpt":{"rendered":"<p>Durant el mes de desembre els infants  d&#8217;educaci\u00f3 infantil han realitzat diferents activitats relacionades amb l&#8217;hivern i el Nadal (caga Ti\u00f3, assaig del poema, tallers de les tapes dels \u00e0lbums, disfresses de pastorets&#8230;).<br \/>\nAqu\u00ed teniu una mostra d&#8217;algunes de les activitats realitzades.<\/p>\n<p><a href=\"https:\/\/picasaweb.google.com\/omarti8\/BLOCNADALDEFINITIU?feat=flashalbum\">Ver todas<\/a><br \/>\n<a href=\"http:\/\/picasaweb.google.com\/lh\/getEmbed?feat=flashalbum\">Consigue&hellip;  <a href=\"https:\/\/agora.xtec.cat\/escolacampclar\/general\/activitats-de-nadal-al-parvulari-2\/\" title=\"Read ACTIVITATS DE NADAL AL PARVULARI.\">Llegeix m\u00e9s\u00bb<\/a><\/p>\n","protected":false},"author":1,"featured_media":0,"comment_status":"open","ping_status":"open","sticky":false,"template":"","format":"standard","meta":{"_bbp_topic_count":0,"_bbp_reply_count":0,"_bbp_total_topic_count":0,"_bbp_total_reply_count":0,"_bbp_voice_count":0,"_bbp_anonymous_reply_count":0,"_bbp_topic_count_hidden":0,"_bbp_reply_count_hidden":0,"_bbp_forum_subforum_count":0,"footnotes":""},"categories":[1],"tags":[33],"class_list":["post-339","post","type-post","status-publish","format-standard","hentry","category-general","tag-afegeix-una-etiqueta"],"post_mailing_queue_ids":[],"_links":{"self":[{"href":"https:\/\/agora.xtec.cat\/escolacampclar\/wp-json\/wp\/v2\/posts\/339","targetHints":{"allow":["GET"]}}],"collection":[{"href":"https:\/\/agora.xtec.cat\/escolacampclar\/wp-json\/wp\/v2\/posts"}],"about":[{"href":"https:\/\/agora.xtec.cat\/escolacampclar\/wp-json\/wp\/v2\/types\/post"}],"author":[{"embeddable":true,"href":"https:\/\/agora.xtec.cat\/escolacampclar\/wp-json\/wp\/v2\/users\/1"}],"replies":[{"embeddable":true,"href":"https:\/\/agora.xtec.cat\/escolacampclar\/wp-json\/wp\/v2\/comments?post=339"}],"version-history":[{"count":0,"href":"https:\/\/agora.xtec.cat\/escolacampclar\/wp-json\/wp\/v2\/posts\/339\/revisions"}],"wp:attachment":[{"href":"https:\/\/agora.xtec.cat\/escolacampclar\/wp-json\/wp\/v2\/media?parent=339"}],"wp:term":[{"taxonomy":"category","embeddable":true,"href":"https:\/\/agora.xtec.cat\/escolacampclar\/wp-json\/wp\/v2\/categories?post=339"},{"taxonomy":"post_tag","embeddable":true,"href":"https:\/\/agora.xtec.cat\/escolacampclar\/wp-json\/wp\/v2\/tags?post=339"}],"curies":[{"name":"wp","href":"https:\/\/api.w.org\/{rel}","templated":true}]}}