{"id":3386,"date":"2022-03-16T12:08:33","date_gmt":"2022-03-16T11:08:33","guid":{"rendered":"https:\/\/agora.xtec.cat\/escolacampclar\/?p=3386"},"modified":"2022-03-16T12:08:33","modified_gmt":"2022-03-16T11:08:33","slug":"8-de-marc-dia-de-la-dona","status":"publish","type":"post","link":"https:\/\/agora.xtec.cat\/escolacampclar\/general\/8-de-marc-dia-de-la-dona\/","title":{"rendered":"8 de mar\u00e7, dia de la dona"},"content":{"rendered":"<p>A la nostra escola, com a tota la societat, tamb\u00e9 hem volgut celebrar aquest dia tan important. I \u00e9s que mentre les dones no estiguin en igualtat de condicions amb els homes, cosa que encara no passa, cal que ho reivindiquem i utilitzem aquests dies per fer veure a la nostra comunitat educativa que encara falta un llarg cam\u00ed per rec\u00f3rrer.<\/p>\n<p>Nosaltres hem pensat que pod\u00edem recordar una dona que per tothom \u00e9s quasi segur la m\u00e9s important, la nostra mare; per\u00f2 tamb\u00e9 hem volgut recalcar que s\u00f3n alhora dones, dones amb somnis i ambicions. Per aix\u00f2, en el nostre arbre dels desitjos que hi ha a l\u2019entrada de l\u2019escola, hem penjat la foto i el desig de cadascuna de les mares del centre, com a homenatge i agra\u00efment a aquelles que sempre, incondicionalment, seran al nostre costat, tamb\u00e9 com a dones que s\u00f3n.<\/p>\n<p>\u00c9s molt gratificant veure la cara de satisfacci\u00f3 que posen aquestes mares, un cop es troben entre les moltes fotos i desitjos que hi ha penjades al nostre arbre.<\/p>\n<p>&nbsp;<\/p>\n","protected":false},"excerpt":{"rendered":"<p>A la nostra escola, com a tota la societat, tamb\u00e9 hem volgut celebrar aquest dia tan important. I \u00e9s que mentre les dones no estiguin en igualtat de condicions amb els homes, cosa que encara no passa, cal que ho reivindiquem i utilitzem aquests dies&hellip;  <a href=\"https:\/\/agora.xtec.cat\/escolacampclar\/general\/8-de-marc-dia-de-la-dona\/\" title=\"Read 8 de mar\u00e7, dia de la dona\">Llegeix m\u00e9s\u00bb<\/a><\/p>\n","protected":false},"author":26,"featured_media":3387,"comment_status":"open","ping_status":"closed","sticky":false,"template":"","format":"standard","meta":{"_bbp_topic_count":0,"_bbp_reply_count":0,"_bbp_total_topic_count":0,"_bbp_total_reply_count":0,"_bbp_voice_count":0,"_bbp_anonymous_reply_count":0,"_bbp_topic_count_hidden":0,"_bbp_reply_count_hidden":0,"_bbp_forum_subforum_count":0,"footnotes":""},"categories":[1],"tags":[],"class_list":["post-3386","post","type-post","status-publish","format-standard","has-post-thumbnail","hentry","category-general"],"post_mailing_queue_ids":[],"_links":{"self":[{"href":"https:\/\/agora.xtec.cat\/escolacampclar\/wp-json\/wp\/v2\/posts\/3386","targetHints":{"allow":["GET"]}}],"collection":[{"href":"https:\/\/agora.xtec.cat\/escolacampclar\/wp-json\/wp\/v2\/posts"}],"about":[{"href":"https:\/\/agora.xtec.cat\/escolacampclar\/wp-json\/wp\/v2\/types\/post"}],"author":[{"embeddable":true,"href":"https:\/\/agora.xtec.cat\/escolacampclar\/wp-json\/wp\/v2\/users\/26"}],"replies":[{"embeddable":true,"href":"https:\/\/agora.xtec.cat\/escolacampclar\/wp-json\/wp\/v2\/comments?post=3386"}],"version-history":[{"count":1,"href":"https:\/\/agora.xtec.cat\/escolacampclar\/wp-json\/wp\/v2\/posts\/3386\/revisions"}],"predecessor-version":[{"id":3388,"href":"https:\/\/agora.xtec.cat\/escolacampclar\/wp-json\/wp\/v2\/posts\/3386\/revisions\/3388"}],"wp:featuredmedia":[{"embeddable":true,"href":"https:\/\/agora.xtec.cat\/escolacampclar\/wp-json\/wp\/v2\/media\/3387"}],"wp:attachment":[{"href":"https:\/\/agora.xtec.cat\/escolacampclar\/wp-json\/wp\/v2\/media?parent=3386"}],"wp:term":[{"taxonomy":"category","embeddable":true,"href":"https:\/\/agora.xtec.cat\/escolacampclar\/wp-json\/wp\/v2\/categories?post=3386"},{"taxonomy":"post_tag","embeddable":true,"href":"https:\/\/agora.xtec.cat\/escolacampclar\/wp-json\/wp\/v2\/tags?post=3386"}],"curies":[{"name":"wp","href":"https:\/\/api.w.org\/{rel}","templated":true}]}}