{"id":3378,"date":"2022-03-11T20:43:21","date_gmt":"2022-03-11T19:43:21","guid":{"rendered":"https:\/\/agora.xtec.cat\/escolacampclar\/?p=3378"},"modified":"2022-03-16T12:17:57","modified_gmt":"2022-03-16T11:17:57","slug":"manifest-contra-la-guerra","status":"publish","type":"post","link":"https:\/\/agora.xtec.cat\/escolacampclar\/general\/manifest-contra-la-guerra\/","title":{"rendered":"MANIFEST CONTRA LA GUERRA"},"content":{"rendered":"<p style=\"text-align: left;\">Aquest mat\u00ed a les 11h els nens i nenes de l&#8217;escola han sortit al pati a manifestar el seu rebuig a la guerra i a qualsevol forma de viol\u00e8ncia i a dir un s\u00ed rotund a la PAU.<\/p>\n<p>D&#8217;aquesta manera ens hem sumat als actes organitzats per l&#8217;IMET aix\u00ed com la resta\u00a0 d&#8217;escoles de Tarragona.<\/p>\n<p>A l&#8217;acte l&#8217;alumnat de 6\u00e8 ha llegit el seu manifest i despr\u00e9s hem cantat i ballat la can\u00e7\u00f3 Mirall de Pau i altres can\u00e7ons que parlen tamb\u00e9 de la Pau al m\u00f3n.<\/p>\n<p><a href=\"https:\/\/drive.google.com\/drive\/folders\/15pr0cYYgA13zGyyPyGdDomAUN7A4NYTS?usp=sharing\">Aqu\u00ed us deixem un recull de fotos i v\u00eddeos de l&#8217;activitat.<\/a><\/p>\n<p>&nbsp;<\/p>\n","protected":false},"excerpt":{"rendered":"<p>Aquest mat\u00ed a les 11h els nens i nenes de l&#8217;escola han sortit al pati a manifestar el seu rebuig a la guerra i a qualsevol forma de viol\u00e8ncia i a dir un s\u00ed rotund a la PAU.<br \/>\nD&#8217;aquesta manera ens hem sumat als actes organitzats&hellip;  <a href=\"https:\/\/agora.xtec.cat\/escolacampclar\/general\/manifest-contra-la-guerra\/\" title=\"Read MANIFEST CONTRA LA GUERRA\">Llegeix m\u00e9s\u00bb<\/a><\/p>\n","protected":false},"author":26,"featured_media":3392,"comment_status":"open","ping_status":"closed","sticky":false,"template":"","format":"standard","meta":{"_bbp_topic_count":0,"_bbp_reply_count":0,"_bbp_total_topic_count":0,"_bbp_total_reply_count":0,"_bbp_voice_count":0,"_bbp_anonymous_reply_count":0,"_bbp_topic_count_hidden":0,"_bbp_reply_count_hidden":0,"_bbp_forum_subforum_count":0,"footnotes":""},"categories":[1],"tags":[],"class_list":["post-3378","post","type-post","status-publish","format-standard","has-post-thumbnail","hentry","category-general"],"post_mailing_queue_ids":[],"_links":{"self":[{"href":"https:\/\/agora.xtec.cat\/escolacampclar\/wp-json\/wp\/v2\/posts\/3378","targetHints":{"allow":["GET"]}}],"collection":[{"href":"https:\/\/agora.xtec.cat\/escolacampclar\/wp-json\/wp\/v2\/posts"}],"about":[{"href":"https:\/\/agora.xtec.cat\/escolacampclar\/wp-json\/wp\/v2\/types\/post"}],"author":[{"embeddable":true,"href":"https:\/\/agora.xtec.cat\/escolacampclar\/wp-json\/wp\/v2\/users\/26"}],"replies":[{"embeddable":true,"href":"https:\/\/agora.xtec.cat\/escolacampclar\/wp-json\/wp\/v2\/comments?post=3378"}],"version-history":[{"count":4,"href":"https:\/\/agora.xtec.cat\/escolacampclar\/wp-json\/wp\/v2\/posts\/3378\/revisions"}],"predecessor-version":[{"id":3381,"href":"https:\/\/agora.xtec.cat\/escolacampclar\/wp-json\/wp\/v2\/posts\/3378\/revisions\/3381"}],"wp:featuredmedia":[{"embeddable":true,"href":"https:\/\/agora.xtec.cat\/escolacampclar\/wp-json\/wp\/v2\/media\/3392"}],"wp:attachment":[{"href":"https:\/\/agora.xtec.cat\/escolacampclar\/wp-json\/wp\/v2\/media?parent=3378"}],"wp:term":[{"taxonomy":"category","embeddable":true,"href":"https:\/\/agora.xtec.cat\/escolacampclar\/wp-json\/wp\/v2\/categories?post=3378"},{"taxonomy":"post_tag","embeddable":true,"href":"https:\/\/agora.xtec.cat\/escolacampclar\/wp-json\/wp\/v2\/tags?post=3378"}],"curies":[{"name":"wp","href":"https:\/\/api.w.org\/{rel}","templated":true}]}}