{"id":3300,"date":"2022-03-01T11:44:11","date_gmt":"2022-03-01T10:44:11","guid":{"rendered":"https:\/\/agora.xtec.cat\/escolacampclar\/?p=3300"},"modified":"2022-03-01T20:04:19","modified_gmt":"2022-03-01T19:04:19","slug":"preinscripcio-2022-23","status":"publish","type":"post","link":"https:\/\/agora.xtec.cat\/escolacampclar\/general\/preinscripcio-2022-23\/","title":{"rendered":"PREINSCRIPCI\u00d3 2022-23"},"content":{"rendered":"<p>S&#8217;inicia el proc\u00e9s de preinscripci\u00f3 escolar per al curs 2022-2023. A continuaci\u00f3 us deixem tota la informaci\u00f3 que necessiteu referent al calendari i documentaci\u00f3 que cal aportar.<br \/>\nAquest curs igual que l&#8217;anterior la preinscripci\u00f3 ser\u00e0 telem\u00e0tica. Podeu fer la inscripci\u00f3 en en el web\u00a0 <a href=\"https:\/\/preinscripcio.gencat.cat\/ca\/inici\">https:\/\/preinscripcio.gencat.cat\/ca\/inici<\/a>. Malgrat aix\u00f2 si necessiteu ajut per fer-la troqueu al tel\u00e8fon de l&#8217;escola, demaneu cita pr\u00e8via i us ajudarem.<\/p>\n<p><a href=\"https:\/\/agora.xtec.cat\/escolacampclar\/wp-content\/uploads\/usu687\/2022\/03\/PREINSCRIPCIO-2022-23-11-\u00d7-15-cm-6-\u00d7-7.5-cm-1.jpg\"><img loading=\"lazy\" decoding=\"async\" class=\"alignnone wp-image-3313\" src=\"https:\/\/agora.xtec.cat\/escolacampclar\/wp-content\/uploads\/usu687\/2022\/03\/PREINSCRIPCIO-2022-23-11-\u00d7-15-cm-6-\u00d7-7.5-cm-1.jpg\" alt=\"\" width=\"339\" height=\"423\" srcset=\"https:\/\/agora.xtec.cat\/escolacampclar\/wp-content\/uploads\/usu687\/2022\/03\/PREINSCRIPCIO-2022-23-11-\u00d7-15-cm-6-\u00d7-7.5-cm-1.jpg 350w, https:\/\/agora.xtec.cat\/escolacampclar\/wp-content\/uploads\/usu687\/2022\/03\/PREINSCRIPCIO-2022-23-11-\u00d7-15-cm-6-\u00d7-7.5-cm-1-240x300.jpg 240w\" sizes=\"auto, (max-width: 339px) 100vw, 339px\" \/><\/a><a href=\"https:\/\/agora.xtec.cat\/escolacampclar\/wp-content\/uploads\/usu687\/2022\/03\/Calendari-preinscripcio-i-matricula-15-\u00d7-10-cm.jpg\"> \u00a0 <\/a><a href=\"https:\/\/agora.xtec.cat\/escolacampclar\/wp-content\/uploads\/usu687\/2022\/03\/CRITERIS-SELECCIO-DE-PLACA1.jpg\"><img loading=\"lazy\" decoding=\"async\" class=\"alignnone wp-image-3351\" src=\"https:\/\/agora.xtec.cat\/escolacampclar\/wp-content\/uploads\/usu687\/2022\/03\/CRITERIS-SELECCIO-DE-PLACA1-300x212.jpg\" alt=\"\" width=\"395\" height=\"279\" srcset=\"https:\/\/agora.xtec.cat\/escolacampclar\/wp-content\/uploads\/usu687\/2022\/03\/CRITERIS-SELECCIO-DE-PLACA1-300x212.jpg 300w, https:\/\/agora.xtec.cat\/escolacampclar\/wp-content\/uploads\/usu687\/2022\/03\/CRITERIS-SELECCIO-DE-PLACA1-1024x724.jpg 1024w, https:\/\/agora.xtec.cat\/escolacampclar\/wp-content\/uploads\/usu687\/2022\/03\/CRITERIS-SELECCIO-DE-PLACA1-768x543.jpg 768w, https:\/\/agora.xtec.cat\/escolacampclar\/wp-content\/uploads\/usu687\/2022\/03\/CRITERIS-SELECCIO-DE-PLACA1-1536x1086.jpg 1536w, https:\/\/agora.xtec.cat\/escolacampclar\/wp-content\/uploads\/usu687\/2022\/03\/CRITERIS-SELECCIO-DE-PLACA1.jpg 2000w\" sizes=\"auto, (max-width: 395px) 100vw, 395px\" \/><\/a><a href=\"https:\/\/agora.xtec.cat\/escolacampclar\/wp-content\/uploads\/usu687\/2022\/03\/Calendari-preinscripcio-i-matricula-15-\u00d7-10-cm.jpg\"><img loading=\"lazy\" decoding=\"async\" class=\"alignnone wp-image-3315\" src=\"https:\/\/agora.xtec.cat\/escolacampclar\/wp-content\/uploads\/usu687\/2022\/03\/Calendari-preinscripcio-i-matricula-15-\u00d7-10-cm.jpg\" alt=\"\" width=\"431\" height=\"287\" srcset=\"https:\/\/agora.xtec.cat\/escolacampclar\/wp-content\/uploads\/usu687\/2022\/03\/Calendari-preinscripcio-i-matricula-15-\u00d7-10-cm.jpg 350w, https:\/\/agora.xtec.cat\/escolacampclar\/wp-content\/uploads\/usu687\/2022\/03\/Calendari-preinscripcio-i-matricula-15-\u00d7-10-cm-300x200.jpg 300w\" sizes=\"auto, (max-width: 431px) 100vw, 431px\" \/><\/a><a href=\"https:\/\/agora.xtec.cat\/escolacampclar\/wp-content\/uploads\/usu687\/2022\/03\/CRITERIS-SELECCIO-DE-PLACA-2.jpg\">\u00a0\u00a0 <\/a><\/p>\n<p>&nbsp;<\/p>\n","protected":false},"excerpt":{"rendered":"<p>S&#8217;inicia el proc\u00e9s de preinscripci\u00f3 escolar per al curs 2022-2023. A continuaci\u00f3 us deixem tota la informaci\u00f3 que necessiteu referent al calendari i documentaci\u00f3 que cal aportar.<br \/>\nAquest curs igual que l&#8217;anterior la preinscripci\u00f3 ser\u00e0 telem\u00e0tica. Podeu fer la inscripci\u00f3 en en el web\u00a0 <a href=\"https:\/\/preinscripcio.gencat.cat\/ca\/inici\">https:\/\/preinscripcio.gencat.cat\/ca\/inici<\/a>.&hellip;  <a href=\"https:\/\/agora.xtec.cat\/escolacampclar\/general\/preinscripcio-2022-23\/\" title=\"Read PREINSCRIPCI\u00d3 2022-23\">Llegeix m\u00e9s\u00bb<\/a><\/p>\n","protected":false},"author":26,"featured_media":3303,"comment_status":"open","ping_status":"closed","sticky":false,"template":"","format":"standard","meta":{"_bbp_topic_count":0,"_bbp_reply_count":0,"_bbp_total_topic_count":0,"_bbp_total_reply_count":0,"_bbp_voice_count":0,"_bbp_anonymous_reply_count":0,"_bbp_topic_count_hidden":0,"_bbp_reply_count_hidden":0,"_bbp_forum_subforum_count":0,"footnotes":""},"categories":[1],"tags":[400],"class_list":["post-3300","post","type-post","status-publish","format-standard","has-post-thumbnail","hentry","category-general","tag-preinscripcio-2022-23"],"post_mailing_queue_ids":[],"_links":{"self":[{"href":"https:\/\/agora.xtec.cat\/escolacampclar\/wp-json\/wp\/v2\/posts\/3300","targetHints":{"allow":["GET"]}}],"collection":[{"href":"https:\/\/agora.xtec.cat\/escolacampclar\/wp-json\/wp\/v2\/posts"}],"about":[{"href":"https:\/\/agora.xtec.cat\/escolacampclar\/wp-json\/wp\/v2\/types\/post"}],"author":[{"embeddable":true,"href":"https:\/\/agora.xtec.cat\/escolacampclar\/wp-json\/wp\/v2\/users\/26"}],"replies":[{"embeddable":true,"href":"https:\/\/agora.xtec.cat\/escolacampclar\/wp-json\/wp\/v2\/comments?post=3300"}],"version-history":[{"count":3,"href":"https:\/\/agora.xtec.cat\/escolacampclar\/wp-json\/wp\/v2\/posts\/3300\/revisions"}],"predecessor-version":[{"id":3356,"href":"https:\/\/agora.xtec.cat\/escolacampclar\/wp-json\/wp\/v2\/posts\/3300\/revisions\/3356"}],"wp:featuredmedia":[{"embeddable":true,"href":"https:\/\/agora.xtec.cat\/escolacampclar\/wp-json\/wp\/v2\/media\/3303"}],"wp:attachment":[{"href":"https:\/\/agora.xtec.cat\/escolacampclar\/wp-json\/wp\/v2\/media?parent=3300"}],"wp:term":[{"taxonomy":"category","embeddable":true,"href":"https:\/\/agora.xtec.cat\/escolacampclar\/wp-json\/wp\/v2\/categories?post=3300"},{"taxonomy":"post_tag","embeddable":true,"href":"https:\/\/agora.xtec.cat\/escolacampclar\/wp-json\/wp\/v2\/tags?post=3300"}],"curies":[{"name":"wp","href":"https:\/\/api.w.org\/{rel}","templated":true}]}}