{"id":3258,"date":"2022-02-15T17:24:45","date_gmt":"2022-02-15T16:24:45","guid":{"rendered":"https:\/\/agora.xtec.cat\/escolacampclar\/?p=3258"},"modified":"2022-02-28T18:09:55","modified_gmt":"2022-02-28T17:09:55","slug":"portes-obertes-2","status":"publish","type":"post","link":"https:\/\/agora.xtec.cat\/escolacampclar\/general\/portes-obertes-2\/","title":{"rendered":"PORTES OBERTES"},"content":{"rendered":"<p>Els pr\u00f2xims <strong>2 i 3 de Mar\u00e7<\/strong> podreu visitar la nostra escola i con\u00e8ixer tant el projecte educatiu com els espais del centre. No ho dubtis i truca al 977548280 per demanar cita pr\u00e8via.<\/p>\n<div><b>MESURES COVID:<\/b><\/div>\n<div><\/div>\n<div>\n<ul>\n<li>Visites en grups redu\u00efts (m\u00e0xim 10 persones)<\/li>\n<li>Explicaci\u00f3 del projecte educatiu a l&#8217;aire lliure<\/li>\n<li>Visites a l&#8217;interior de l&#8217;escola amb ventilaci\u00f3 assegurada, mascareta <span class=\"il\">i<\/span> dist\u00e0ncia de seguretat (1.5m per a no convivents)<\/li>\n<li>Higiene de mans. Tothom que accedeixi al centre educatiu ha de realitzar rentat o higiene de mans.<\/li>\n<li>Requisits d&#8217;acc\u00e9s. No pot assistir a la visita al centre educatiu cap persona que presenti simptomatologia compatible amb la covid-19, ni que tingui una prova positiva per covid-19 o hagi estat designada com a contacte estret d\u2019un cas positiu en els 7 dies anteriors <span class=\"il\">i<\/span> que tingui indicaci\u00f3 de quarantena. En cas que se sigui un contacte estret immunitzat, \u00e9s recomanable disposar d\u2019un TAR negatiu per participar a la visita.<\/li>\n<\/ul>\n<p><a href=\"https:\/\/docs.google.com\/presentation\/d\/1D7jb_8idpKxUH3OScX1yeSjE85VLKoec\/edit?usp=sharing&amp;ouid=112655304422597201483&amp;rtpof=true&amp;sd=true\">SI VOLS CON\u00c8IXER EL NOSTRE PROJECTE CLICA AQU\u00cd<\/a><\/p>\n<\/div>\n<p><a href=\"https:\/\/drive.google.com\/file\/d\/1gpVroVU-C3KoirqP8eS3gVNAPtMn67Ae\/view?usp=sharing\"><img loading=\"lazy\" decoding=\"async\" class=\"wp-image-3266 size-large aligncenter\" src=\"https:\/\/agora.xtec.cat\/escolacampclar\/wp-content\/uploads\/usu687\/2022\/02\/portes-obertes-escoles-tarragona-1-1024x342.png\" alt=\"\" width=\"1024\" height=\"342\" srcset=\"https:\/\/agora.xtec.cat\/escolacampclar\/wp-content\/uploads\/usu687\/2022\/02\/portes-obertes-escoles-tarragona-1-1024x342.png 1024w, https:\/\/agora.xtec.cat\/escolacampclar\/wp-content\/uploads\/usu687\/2022\/02\/portes-obertes-escoles-tarragona-1-300x100.png 300w, https:\/\/agora.xtec.cat\/escolacampclar\/wp-content\/uploads\/usu687\/2022\/02\/portes-obertes-escoles-tarragona-1-768x256.png 768w, https:\/\/agora.xtec.cat\/escolacampclar\/wp-content\/uploads\/usu687\/2022\/02\/portes-obertes-escoles-tarragona-1-1536x512.png 1536w, https:\/\/agora.xtec.cat\/escolacampclar\/wp-content\/uploads\/usu687\/2022\/02\/portes-obertes-escoles-tarragona-1.png 2000w\" sizes=\"auto, (max-width: 1024px) 100vw, 1024px\" \/><\/a><\/p>\n","protected":false},"excerpt":{"rendered":"<p>Els pr\u00f2xims 2 i 3 de Mar\u00e7 podreu visitar la nostra escola i con\u00e8ixer tant el projecte educatiu com els espais del centre. No ho dubtis i truca al 977548280 per demanar cita pr\u00e8via.<br \/>\nMESURES COVID:<\/p>\n<ul>\n<li>Visites en grups redu\u00efts (m\u00e0xim 10 persones)<\/li>\n<li>Explicaci\u00f3 del projecte educatiu a&hellip;  <a href=\"https:\/\/agora.xtec.cat\/escolacampclar\/general\/portes-obertes-2\/\" title=\"Read PORTES OBERTES\">Llegeix m\u00e9s\u00bb<\/a><br \/>\n","protected":false},"author":14,"featured_media":3264,"comment_status":"open","ping_status":"closed","sticky":false,"template":"","format":"standard","meta":{"_bbp_topic_count":0,"_bbp_reply_count":0,"_bbp_total_topic_count":0,"_bbp_total_reply_count":0,"_bbp_voice_count":0,"_bbp_anonymous_reply_count":0,"_bbp_topic_count_hidden":0,"_bbp_reply_count_hidden":0,"_bbp_forum_subforum_count":0,"footnotes":""},"categories":[1],"tags":[],"class_list":["post-3258","post","type-post","status-publish","format-standard","has-post-thumbnail","hentry","category-general"],"post_mailing_queue_ids":[],"_links":{"self":[{"href":"https:\/\/agora.xtec.cat\/escolacampclar\/wp-json\/wp\/v2\/posts\/3258","targetHints":{"allow":["GET"]}}],"collection":[{"href":"https:\/\/agora.xtec.cat\/escolacampclar\/wp-json\/wp\/v2\/posts"}],"about":[{"href":"https:\/\/agora.xtec.cat\/escolacampclar\/wp-json\/wp\/v2\/types\/post"}],"author":[{"embeddable":true,"href":"https:\/\/agora.xtec.cat\/escolacampclar\/wp-json\/wp\/v2\/users\/14"}],"replies":[{"embeddable":true,"href":"https:\/\/agora.xtec.cat\/escolacampclar\/wp-json\/wp\/v2\/comments?post=3258"}],"version-history":[{"count":3,"href":"https:\/\/agora.xtec.cat\/escolacampclar\/wp-json\/wp\/v2\/posts\/3258\/revisions"}],"predecessor-version":[{"id":3291,"href":"https:\/\/agora.xtec.cat\/escolacampclar\/wp-json\/wp\/v2\/posts\/3258\/revisions\/3291"}],"wp:featuredmedia":[{"embeddable":true,"href":"https:\/\/agora.xtec.cat\/escolacampclar\/wp-json\/wp\/v2\/media\/3264"}],"wp:attachment":[{"href":"https:\/\/agora.xtec.cat\/escolacampclar\/wp-json\/wp\/v2\/media?parent=3258"}],"wp:term":[{"taxonomy":"category","embeddable":true,"href":"https:\/\/agora.xtec.cat\/escolacampclar\/wp-json\/wp\/v2\/categories?post=3258"},{"taxonomy":"post_tag","embeddable":true,"href":"https:\/\/agora.xtec.cat\/escolacampclar\/wp-json\/wp\/v2\/tags?post=3258"}],"curies":[{"name":"wp","href":"https:\/\/api.w.org\/{rel}","templated":true}]}}