{"id":3251,"date":"2022-02-04T12:08:31","date_gmt":"2022-02-04T11:08:31","guid":{"rendered":"https:\/\/agora.xtec.cat\/escolacampclar\/?p=3251"},"modified":"2022-02-04T12:08:31","modified_gmt":"2022-02-04T11:08:31","slug":"celebracions-dia-de-la-pau","status":"publish","type":"post","link":"https:\/\/agora.xtec.cat\/escolacampclar\/general\/celebracions-dia-de-la-pau\/","title":{"rendered":"CELEBRACIONS DIA DE LA PAU"},"content":{"rendered":"<p>&nbsp;<\/p>\n<p><a href=\"https:\/\/agora.xtec.cat\/escolacampclar\/wp-content\/uploads\/usu687\/2022\/01\/Dia-de-la-PAU.jpg\"><img loading=\"lazy\" decoding=\"async\" class=\" wp-image-3252 aligncenter\" src=\"https:\/\/agora.xtec.cat\/escolacampclar\/wp-content\/uploads\/usu687\/2022\/01\/Dia-de-la-PAU-1024x819.jpg\" alt=\"\" width=\"640\" height=\"512\" srcset=\"https:\/\/agora.xtec.cat\/escolacampclar\/wp-content\/uploads\/usu687\/2022\/01\/Dia-de-la-PAU-1024x819.jpg 1024w, https:\/\/agora.xtec.cat\/escolacampclar\/wp-content\/uploads\/usu687\/2022\/01\/Dia-de-la-PAU-300x240.jpg 300w, https:\/\/agora.xtec.cat\/escolacampclar\/wp-content\/uploads\/usu687\/2022\/01\/Dia-de-la-PAU-768x614.jpg 768w, https:\/\/agora.xtec.cat\/escolacampclar\/wp-content\/uploads\/usu687\/2022\/01\/Dia-de-la-PAU-1536x1229.jpg 1536w, https:\/\/agora.xtec.cat\/escolacampclar\/wp-content\/uploads\/usu687\/2022\/01\/Dia-de-la-PAU.jpg 2000w\" sizes=\"auto, (max-width: 640px) 100vw, 640px\" \/><\/a><\/p>\n<p><span style=\"font-weight: 400;\">Aquests darrers dies, coincidint amb la celebraci\u00f3 el 30 de gener del Dia de la Pau, a l\u2019escola hem preparat i treballat moltes activitats relacionades amb aquest valor, perqu\u00e8 preparar futures ciutadanes i ciutadans tamb\u00e9 vol dir ensenyar-los a estimar i respectar aspectes de rellev\u00e0ncia universal, com \u00e9s la pau.<\/span><\/p>\n<p><span style=\"font-weight: 400;\">Aix\u00ed, entre tot l\u2019alumnat hem constru\u00eft un gran arbre al <\/span><i><span style=\"font-weight: 400;\">hall<\/span><\/i><span style=\"font-weight: 400;\"> de l\u2019escola, amb fulles elaborades per cada nena i nen amb un bonic desig. Us convidem a veure\u2019l perqu\u00e8 ha quedat espectacular!\u00a0<\/span><\/p>\n<p><span style=\"font-weight: 400;\">La comunitat dels grans han elaborat un manifest (l\u2019alumnat de 6<\/span><span style=\"font-weight: 400;\">\u00e8<\/span><span style=\"font-weight: 400;\">), han jugat al <\/span><i><span style=\"font-weight: 400;\">Passaparaules de la Pau<\/span><\/i><span style=\"font-weight: 400;\"> i han cantat a 5<\/span><span style=\"font-weight: 400;\">\u00e8<\/span><span style=\"font-weight: 400;\"> la can\u00e7\u00f3 en angl\u00e8s <\/span><i><span style=\"font-weight: 400;\">Count on me <\/span><\/i><span style=\"font-weight: 400;\">(Compta amb mi), referida al valor de l\u2019amistat.<\/span><\/p>\n<p><span style=\"font-weight: 400;\">La comunitat dels mitjans tamb\u00e9 han gaudit amb el <\/span><i><span style=\"font-weight: 400;\">Conte de la Pau <\/span><\/i><span style=\"font-weight: 400;\">i el<\/span><i><span style=\"font-weight: 400;\"> Passaparaules.<\/span><\/i><\/p>\n<p><span style=\"font-weight: 400;\">La comunitat dels petits han fet una activitat d\u2019UNICEF, el <\/span><i><span style=\"font-weight: 400;\">Mapa de la pau mental<\/span><\/i><span style=\"font-weight: 400;\">, a banda de treballar les emocions amb el conte <\/span><i><span style=\"font-weight: 400;\">El monstre de colors.<\/span><\/i><\/p>\n<p><span style=\"font-weight: 400;\">Com veieu hem donat molta import\u00e0ncia a aquesta celebraci\u00f3 perqu\u00e8 posar en valor la pau passa per\u00a0 fer entendre que els petits gestos i accions de cada dia s\u00f3n els que ens apropen a la millora de la conviv\u00e8ncia a l\u2019escola, al barri, a la ciutat i en definitiva a la pau al m\u00f3n.<\/span><\/p>\n<p>A continuaci\u00f3 podreu veure un recull de <a href=\"https:\/\/drive.google.com\/drive\/folders\/13zADbN0Gr3-QawHrTC6s0AkFE6I5_KbZ?usp=sharing\">fotografies.\u00a0<\/a><\/p>\n<p>&nbsp;<\/p>\n<p>&nbsp;<\/p>\n<p>&nbsp;<\/p>\n","protected":false},"excerpt":{"rendered":"<p>&nbsp;<br \/>\n<a href=\"https:\/\/agora.xtec.cat\/escolacampclar\/wp-content\/uploads\/usu687\/2022\/01\/Dia-de-la-PAU.jpg\"><\/a><br \/>\nAquests darrers dies, coincidint amb la celebraci\u00f3 el 30 de gener del Dia de la Pau, a l\u2019escola hem preparat i treballat moltes activitats relacionades amb aquest valor, perqu\u00e8 preparar futures ciutadanes i ciutadans tamb\u00e9 vol dir ensenyar-los a estimar i respectar aspectes de&hellip;  <a href=\"https:\/\/agora.xtec.cat\/escolacampclar\/general\/celebracions-dia-de-la-pau\/\" title=\"Read CELEBRACIONS DIA DE LA PAU\">Llegeix m\u00e9s\u00bb<\/a><\/p>\n","protected":false},"author":14,"featured_media":3252,"comment_status":"open","ping_status":"closed","sticky":false,"template":"","format":"standard","meta":{"_bbp_topic_count":0,"_bbp_reply_count":0,"_bbp_total_topic_count":0,"_bbp_total_reply_count":0,"_bbp_voice_count":0,"_bbp_anonymous_reply_count":0,"_bbp_topic_count_hidden":0,"_bbp_reply_count_hidden":0,"_bbp_forum_subforum_count":0,"footnotes":""},"categories":[345,24,25,26,344,1],"tags":[36,37,63,42,44],"class_list":["post-3251","post","type-post","status-publish","format-standard","has-post-thumbnail","hentry","category-campclar","category-cicle-inicial","category-cicle-mitja","category-cicle-superior","category-escola-campclar","category-general","tag-cicle-inicial","tag-cicle-mitja-2","tag-cicle-superior","tag-educacio-infantil-2","tag-escola-campclar"],"post_mailing_queue_ids":[],"_links":{"self":[{"href":"https:\/\/agora.xtec.cat\/escolacampclar\/wp-json\/wp\/v2\/posts\/3251","targetHints":{"allow":["GET"]}}],"collection":[{"href":"https:\/\/agora.xtec.cat\/escolacampclar\/wp-json\/wp\/v2\/posts"}],"about":[{"href":"https:\/\/agora.xtec.cat\/escolacampclar\/wp-json\/wp\/v2\/types\/post"}],"author":[{"embeddable":true,"href":"https:\/\/agora.xtec.cat\/escolacampclar\/wp-json\/wp\/v2\/users\/14"}],"replies":[{"embeddable":true,"href":"https:\/\/agora.xtec.cat\/escolacampclar\/wp-json\/wp\/v2\/comments?post=3251"}],"version-history":[{"count":2,"href":"https:\/\/agora.xtec.cat\/escolacampclar\/wp-json\/wp\/v2\/posts\/3251\/revisions"}],"predecessor-version":[{"id":3254,"href":"https:\/\/agora.xtec.cat\/escolacampclar\/wp-json\/wp\/v2\/posts\/3251\/revisions\/3254"}],"wp:featuredmedia":[{"embeddable":true,"href":"https:\/\/agora.xtec.cat\/escolacampclar\/wp-json\/wp\/v2\/media\/3252"}],"wp:attachment":[{"href":"https:\/\/agora.xtec.cat\/escolacampclar\/wp-json\/wp\/v2\/media?parent=3251"}],"wp:term":[{"taxonomy":"category","embeddable":true,"href":"https:\/\/agora.xtec.cat\/escolacampclar\/wp-json\/wp\/v2\/categories?post=3251"},{"taxonomy":"post_tag","embeddable":true,"href":"https:\/\/agora.xtec.cat\/escolacampclar\/wp-json\/wp\/v2\/tags?post=3251"}],"curies":[{"name":"wp","href":"https:\/\/api.w.org\/{rel}","templated":true}]}}