{"id":3248,"date":"2022-01-28T09:10:08","date_gmt":"2022-01-28T08:10:08","guid":{"rendered":"https:\/\/agora.xtec.cat\/escolacampclar\/?p=3248"},"modified":"2022-01-28T09:10:08","modified_gmt":"2022-01-28T08:10:08","slug":"aquiproubullying","status":"publish","type":"post","link":"https:\/\/agora.xtec.cat\/escolacampclar\/general\/aquiproubullying\/","title":{"rendered":"#AQUIPROUBULLYING"},"content":{"rendered":"<p>Dimarts a la tarda, en el marc de la setmana de la Pau i la conviv\u00e8ncia es van presentar a<br \/>\ntotes les classes de prim\u00e0ria dues noves activitats que s\u2019inicien a l\u2019escola i que tenen com a<br \/>\nobjectiu millorar la conviv\u00e8ncia a l\u2019escola i fomentar la participaci\u00f3 del nostre alumnat.<br \/>\nEs tracta dels \u201cEquips per la conviv\u00e8ncia\u201d, activitat liderada per un grup de nens i nenes<br \/>\nde 6\u00e8 i 5\u00e8 durant l\u2019estona del pati a on estan a disposici\u00f3 de tots els nens i nens per<br \/>\najudar-los en tot el que necessitin. Aquesta activitat \u00e9s una de les moltes que el centre<br \/>\ndesplega dins del programa #AQUIPROUBULLYING.<br \/>\nLa segona activitat \u00e9s diu \u201cAssemblees amb alumnes\u201d, un espai de participaci\u00f3 de tot<br \/>\nl\u2019alumnat a on un representant de cada classe es reunir\u00e0 amb l\u2019Equip Directiu mensualment<br \/>\nper parlar de temes que els hi preocupa, fer propostes, reclamacions, posar en valor\u2026etc.<br \/>\ntot all\u00f2 que es cregui convenient. Aquesta activitat pret\u00e9n potenciar els valors d\u2019una societat<br \/>\ndemocr\u00e0tica, l\u2019\u00fas del di\u00e0leg per arribar a acords, la responsabilitat i el comprom\u00eds.<\/p>\n<p><a href=\"https:\/\/drive.google.com\/drive\/folders\/1T4cqMnbGr8XlxnouI2C_50EGLNvGXrxf?usp=sharing\">Clica aqu\u00ed per veure algunes imatges.<\/a><\/p>\n","protected":false},"excerpt":{"rendered":"<p>Dimarts a la tarda, en el marc de la setmana de la Pau i la conviv\u00e8ncia es van presentar a<br \/>\ntotes les classes de prim\u00e0ria dues noves activitats que s\u2019inicien a l\u2019escola i que tenen com a<br \/>\nobjectiu millorar la conviv\u00e8ncia a l\u2019escola i fomentar la participaci\u00f3&hellip;  <a href=\"https:\/\/agora.xtec.cat\/escolacampclar\/general\/aquiproubullying\/\" title=\"Read #AQUIPROUBULLYING\">Llegeix m\u00e9s\u00bb<\/a><\/p>\n","protected":false},"author":14,"featured_media":3249,"comment_status":"open","ping_status":"closed","sticky":false,"template":"","format":"standard","meta":{"_bbp_topic_count":0,"_bbp_reply_count":0,"_bbp_total_topic_count":0,"_bbp_total_reply_count":0,"_bbp_voice_count":0,"_bbp_anonymous_reply_count":0,"_bbp_topic_count_hidden":0,"_bbp_reply_count_hidden":0,"_bbp_forum_subforum_count":0,"footnotes":""},"categories":[1],"tags":[397,396,398,44,399],"class_list":["post-3248","post","type-post","status-publish","format-standard","has-post-thumbnail","hentry","category-general","tag-aquiproubullying","tag-bullying","tag-convivencia","tag-escola-campclar","tag-respecte"],"post_mailing_queue_ids":[],"_links":{"self":[{"href":"https:\/\/agora.xtec.cat\/escolacampclar\/wp-json\/wp\/v2\/posts\/3248","targetHints":{"allow":["GET"]}}],"collection":[{"href":"https:\/\/agora.xtec.cat\/escolacampclar\/wp-json\/wp\/v2\/posts"}],"about":[{"href":"https:\/\/agora.xtec.cat\/escolacampclar\/wp-json\/wp\/v2\/types\/post"}],"author":[{"embeddable":true,"href":"https:\/\/agora.xtec.cat\/escolacampclar\/wp-json\/wp\/v2\/users\/14"}],"replies":[{"embeddable":true,"href":"https:\/\/agora.xtec.cat\/escolacampclar\/wp-json\/wp\/v2\/comments?post=3248"}],"version-history":[{"count":1,"href":"https:\/\/agora.xtec.cat\/escolacampclar\/wp-json\/wp\/v2\/posts\/3248\/revisions"}],"predecessor-version":[{"id":3250,"href":"https:\/\/agora.xtec.cat\/escolacampclar\/wp-json\/wp\/v2\/posts\/3248\/revisions\/3250"}],"wp:featuredmedia":[{"embeddable":true,"href":"https:\/\/agora.xtec.cat\/escolacampclar\/wp-json\/wp\/v2\/media\/3249"}],"wp:attachment":[{"href":"https:\/\/agora.xtec.cat\/escolacampclar\/wp-json\/wp\/v2\/media?parent=3248"}],"wp:term":[{"taxonomy":"category","embeddable":true,"href":"https:\/\/agora.xtec.cat\/escolacampclar\/wp-json\/wp\/v2\/categories?post=3248"},{"taxonomy":"post_tag","embeddable":true,"href":"https:\/\/agora.xtec.cat\/escolacampclar\/wp-json\/wp\/v2\/tags?post=3248"}],"curies":[{"name":"wp","href":"https:\/\/api.w.org\/{rel}","templated":true}]}}