{"id":324,"date":"2010-12-16T21:00:48","date_gmt":"2010-12-16T20:00:48","guid":{"rendered":"http:\/\/blocs.xtec.cat\/campclar\/?p=324"},"modified":"2010-12-16T21:00:48","modified_gmt":"2010-12-16T20:00:48","slug":"psicomotricitat","status":"publish","type":"post","link":"https:\/\/agora.xtec.cat\/escolacampclar\/general\/psicomotricitat\/","title":{"rendered":"Psicomotricitat."},"content":{"rendered":"<p>La psicomotricitat \u00e9s una activitat adre\u00e7ada als nens entre tres i cinc anys perqu\u00e8 puguin desenvolupar-se com a persones, tant en l\u2019\u00e0mbit cognitiu com en el f\u00edsic, a trav\u00e9s del joc. En el transcurs d&#8217;una sessi\u00f3 tenen temps per c\u00f3rrer, riure, compartir, escoltar, aprendre i parlar amb l\u2019\u00fanica ajuda de material tou (pilotes, matalassos&#8230;).<\/p>\n<p>Amb els exercicis de psicomotricitat es busca que el nen aprengui a fer \u00fas del seu cos i a saber coordinar diversos moviments alhora. Des de jugar a l\u2019est\u00e0tua \u2013c\u00f3rrer i quedar-se imm\u00f2bil quan en Jordi  fa un senyal\u2013 fins a construir casetes, cotxes, motos&#8230; amb peces d&#8217;escuma. Aquestes s\u00f3n algunes de les accions que es poden organitzar en una classe perqu\u00e8 el nen es desenvolupi en l\u2019\u00e0mbit intel\u00b7lectual, f\u00edsic, emocional i social. <\/p>\n<p>Tot seguit us deixem una mostra d&#8217;alguna de les activitats que s&#8217;han dut a terme al gimn\u00e0s durant aquest primer trimestre.<\/p>\n<p><embed type=\"application\/x-shockwave-flash\" src=\"http:\/\/picasaweb.google.com\/s\/c\/bin\/slideshow.swf\" width=\"400\" height=\"267\" flashvars=\"host=picasaweb.google.com&amp;hl=es&amp;feat=flashalbum&amp;RGB=0x000000&amp;feed=http%3A%2F%2Fpicasaweb.google.com%2Fdata%2Ffeed%2Fapi%2Fuser%2Fomarti8%2Falbumid%2F5552338661425022481%3Falt%3Drss%26kind%3Dphoto%26hl%3Des\" pluginspage=\"http:\/\/www.macromedia.com\/go\/getflashplayer\"><\/embed><\/p>\n","protected":false},"excerpt":{"rendered":"<p>La psicomotricitat \u00e9s una activitat adre\u00e7ada als nens entre tres i cinc anys perqu\u00e8 puguin desenvolupar-se com a persones, tant en l\u2019\u00e0mbit cognitiu com en el f\u00edsic, a trav\u00e9s del joc. En el transcurs d&#8217;una sessi\u00f3 tenen temps per c\u00f3rrer, riure, compartir, escoltar, aprendre i&hellip;  <a href=\"https:\/\/agora.xtec.cat\/escolacampclar\/general\/psicomotricitat\/\" title=\"Read Psicomotricitat.\">Llegeix m\u00e9s\u00bb<\/a><\/p>\n","protected":false},"author":1,"featured_media":0,"comment_status":"open","ping_status":"open","sticky":false,"template":"","format":"standard","meta":{"_bbp_topic_count":0,"_bbp_reply_count":0,"_bbp_total_topic_count":0,"_bbp_total_reply_count":0,"_bbp_voice_count":0,"_bbp_anonymous_reply_count":0,"_bbp_topic_count_hidden":0,"_bbp_reply_count_hidden":0,"_bbp_forum_subforum_count":0,"footnotes":""},"categories":[26,27,1],"tags":[],"class_list":["post-324","post","type-post","status-publish","format-standard","hentry","category-cicle-superior","category-e-fisica","category-general"],"post_mailing_queue_ids":[],"_links":{"self":[{"href":"https:\/\/agora.xtec.cat\/escolacampclar\/wp-json\/wp\/v2\/posts\/324","targetHints":{"allow":["GET"]}}],"collection":[{"href":"https:\/\/agora.xtec.cat\/escolacampclar\/wp-json\/wp\/v2\/posts"}],"about":[{"href":"https:\/\/agora.xtec.cat\/escolacampclar\/wp-json\/wp\/v2\/types\/post"}],"author":[{"embeddable":true,"href":"https:\/\/agora.xtec.cat\/escolacampclar\/wp-json\/wp\/v2\/users\/1"}],"replies":[{"embeddable":true,"href":"https:\/\/agora.xtec.cat\/escolacampclar\/wp-json\/wp\/v2\/comments?post=324"}],"version-history":[{"count":0,"href":"https:\/\/agora.xtec.cat\/escolacampclar\/wp-json\/wp\/v2\/posts\/324\/revisions"}],"wp:attachment":[{"href":"https:\/\/agora.xtec.cat\/escolacampclar\/wp-json\/wp\/v2\/media?parent=324"}],"wp:term":[{"taxonomy":"category","embeddable":true,"href":"https:\/\/agora.xtec.cat\/escolacampclar\/wp-json\/wp\/v2\/categories?post=324"},{"taxonomy":"post_tag","embeddable":true,"href":"https:\/\/agora.xtec.cat\/escolacampclar\/wp-json\/wp\/v2\/tags?post=324"}],"curies":[{"name":"wp","href":"https:\/\/api.w.org\/{rel}","templated":true}]}}