{"id":3239,"date":"2022-01-25T08:00:07","date_gmt":"2022-01-25T07:00:07","guid":{"rendered":"https:\/\/agora.xtec.cat\/escolacampclar\/?p=3239"},"modified":"2022-01-26T11:42:36","modified_gmt":"2022-01-26T10:42:36","slug":"superheroines-i-superherois","status":"publish","type":"post","link":"https:\/\/agora.xtec.cat\/escolacampclar\/general\/superheroines-i-superherois\/","title":{"rendered":"SUPERHERO\u00cfNES i SUPERHEROIS"},"content":{"rendered":"<p><a href=\"https:\/\/agora.xtec.cat\/escolacampclar\/wp-content\/uploads\/usu687\/2022\/01\/SUPERHEROiNES-i-SUPERHEROIS.jpg\"><img loading=\"lazy\" decoding=\"async\" class=\"wp-image-3240 aligncenter\" src=\"https:\/\/agora.xtec.cat\/escolacampclar\/wp-content\/uploads\/usu687\/2022\/01\/SUPERHEROiNES-i-SUPERHEROIS-1024x819.jpg\" alt=\"\" width=\"590\" height=\"472\" srcset=\"https:\/\/agora.xtec.cat\/escolacampclar\/wp-content\/uploads\/usu687\/2022\/01\/SUPERHEROiNES-i-SUPERHEROIS-1024x819.jpg 1024w, https:\/\/agora.xtec.cat\/escolacampclar\/wp-content\/uploads\/usu687\/2022\/01\/SUPERHEROiNES-i-SUPERHEROIS-300x240.jpg 300w, https:\/\/agora.xtec.cat\/escolacampclar\/wp-content\/uploads\/usu687\/2022\/01\/SUPERHEROiNES-i-SUPERHEROIS-768x614.jpg 768w, https:\/\/agora.xtec.cat\/escolacampclar\/wp-content\/uploads\/usu687\/2022\/01\/SUPERHEROiNES-i-SUPERHEROIS-1536x1229.jpg 1536w, https:\/\/agora.xtec.cat\/escolacampclar\/wp-content\/uploads\/usu687\/2022\/01\/SUPERHEROiNES-i-SUPERHEROIS.jpg 2000w\" sizes=\"auto, (max-width: 590px) 100vw, 590px\" \/><\/a><\/p>\n<p>Els alumnes de la comunitat dels grans (3r,4t,5\u00e8 i 6\u00e8) hem participat en les primeres jornades de superhero\u00efnes i superherois.<br \/>\nAquestes jornades, organitzades per la Fundaci\u00f3 Nineta dels Ulls, tenen com a objectiu donar a con\u00e8ixer el c\u00e0ncer ocular infantil m\u00e9s freq\u00fcent en infants menors de tres anys, el retinoblastoma i els s\u00edmptomes m\u00e9s freq\u00fcents que presenta.<br \/>\nEls alumnes han confeccionat un antifa\u00e7 i han escrit un superpoder que els hi agradaria tenir. Amb tot aquest material farem un mural al hall de l&#8217;escola perqu\u00e8 tothom ho pugui veure i aprendre alguna cosa sobre aquesta malaltia.<br \/>\nGr\u00e0cies a tots per la vostra col\u00b7laboraci\u00f3.<\/p>\n<p>En el seg\u00fcent enlla\u00e7 trobareu un recull de <a href=\"https:\/\/drive.google.com\/drive\/folders\/1I396_r-SqLdFr8tpr_OfQ3XbwoRiunxV?usp=sharing\">fotografies.<\/a><\/p>\n","protected":false},"excerpt":{"rendered":"<p><a href=\"https:\/\/agora.xtec.cat\/escolacampclar\/wp-content\/uploads\/usu687\/2022\/01\/SUPERHEROiNES-i-SUPERHEROIS.jpg\"><\/a><br \/>\nEls alumnes de la comunitat dels grans (3r,4t,5\u00e8 i 6\u00e8) hem participat en les primeres jornades de superhero\u00efnes i superherois.<br \/>\nAquestes jornades, organitzades per la Fundaci\u00f3 Nineta dels Ulls, tenen com a objectiu donar a con\u00e8ixer el c\u00e0ncer ocular infantil m\u00e9s freq\u00fcent en infants menors&hellip;  <a href=\"https:\/\/agora.xtec.cat\/escolacampclar\/general\/superheroines-i-superherois\/\" title=\"Read SUPERHERO\u00cfNES i SUPERHEROIS\">Llegeix m\u00e9s\u00bb<\/a><\/p>\n","protected":false},"author":14,"featured_media":3240,"comment_status":"open","ping_status":"closed","sticky":false,"template":"","format":"standard","meta":{"_bbp_topic_count":0,"_bbp_reply_count":0,"_bbp_total_topic_count":0,"_bbp_total_reply_count":0,"_bbp_voice_count":0,"_bbp_anonymous_reply_count":0,"_bbp_topic_count_hidden":0,"_bbp_reply_count_hidden":0,"_bbp_forum_subforum_count":0,"footnotes":""},"categories":[25,26,344,1],"tags":[37,63,44],"class_list":["post-3239","post","type-post","status-publish","format-standard","has-post-thumbnail","hentry","category-cicle-mitja","category-cicle-superior","category-escola-campclar","category-general","tag-cicle-mitja-2","tag-cicle-superior","tag-escola-campclar"],"post_mailing_queue_ids":[],"_links":{"self":[{"href":"https:\/\/agora.xtec.cat\/escolacampclar\/wp-json\/wp\/v2\/posts\/3239","targetHints":{"allow":["GET"]}}],"collection":[{"href":"https:\/\/agora.xtec.cat\/escolacampclar\/wp-json\/wp\/v2\/posts"}],"about":[{"href":"https:\/\/agora.xtec.cat\/escolacampclar\/wp-json\/wp\/v2\/types\/post"}],"author":[{"embeddable":true,"href":"https:\/\/agora.xtec.cat\/escolacampclar\/wp-json\/wp\/v2\/users\/14"}],"replies":[{"embeddable":true,"href":"https:\/\/agora.xtec.cat\/escolacampclar\/wp-json\/wp\/v2\/comments?post=3239"}],"version-history":[{"count":1,"href":"https:\/\/agora.xtec.cat\/escolacampclar\/wp-json\/wp\/v2\/posts\/3239\/revisions"}],"predecessor-version":[{"id":3241,"href":"https:\/\/agora.xtec.cat\/escolacampclar\/wp-json\/wp\/v2\/posts\/3239\/revisions\/3241"}],"wp:featuredmedia":[{"embeddable":true,"href":"https:\/\/agora.xtec.cat\/escolacampclar\/wp-json\/wp\/v2\/media\/3240"}],"wp:attachment":[{"href":"https:\/\/agora.xtec.cat\/escolacampclar\/wp-json\/wp\/v2\/media?parent=3239"}],"wp:term":[{"taxonomy":"category","embeddable":true,"href":"https:\/\/agora.xtec.cat\/escolacampclar\/wp-json\/wp\/v2\/categories?post=3239"},{"taxonomy":"post_tag","embeddable":true,"href":"https:\/\/agora.xtec.cat\/escolacampclar\/wp-json\/wp\/v2\/tags?post=3239"}],"curies":[{"name":"wp","href":"https:\/\/api.w.org\/{rel}","templated":true}]}}