{"id":3236,"date":"2022-01-24T11:44:42","date_gmt":"2022-01-24T10:44:42","guid":{"rendered":"https:\/\/agora.xtec.cat\/escolacampclar\/?p=3236"},"modified":"2022-01-24T15:34:52","modified_gmt":"2022-01-24T14:34:52","slug":"el-dilema","status":"publish","type":"post","link":"https:\/\/agora.xtec.cat\/escolacampclar\/general\/el-dilema\/","title":{"rendered":"El dilema"},"content":{"rendered":"<p><a href=\"https:\/\/agora.xtec.cat\/escolacampclar\/wp-content\/uploads\/usu687\/2022\/01\/EL-DILEMA.jpg\"><img loading=\"lazy\" decoding=\"async\" class=\"wp-image-3237 aligncenter\" src=\"https:\/\/agora.xtec.cat\/escolacampclar\/wp-content\/uploads\/usu687\/2022\/01\/EL-DILEMA-1024x819.jpg\" alt=\"\" width=\"585\" height=\"468\" srcset=\"https:\/\/agora.xtec.cat\/escolacampclar\/wp-content\/uploads\/usu687\/2022\/01\/EL-DILEMA-1024x819.jpg 1024w, https:\/\/agora.xtec.cat\/escolacampclar\/wp-content\/uploads\/usu687\/2022\/01\/EL-DILEMA-300x240.jpg 300w, https:\/\/agora.xtec.cat\/escolacampclar\/wp-content\/uploads\/usu687\/2022\/01\/EL-DILEMA-768x614.jpg 768w, https:\/\/agora.xtec.cat\/escolacampclar\/wp-content\/uploads\/usu687\/2022\/01\/EL-DILEMA-1536x1229.jpg 1536w, https:\/\/agora.xtec.cat\/escolacampclar\/wp-content\/uploads\/usu687\/2022\/01\/EL-DILEMA.jpg 2000w\" sizes=\"auto, (max-width: 585px) 100vw, 585px\" \/><\/a><\/p>\n<p>Durant aquesta setmana ens ha visitat la Gu\u00e0rdia Urbana.<\/p>\n<p>Aquesta visita consistia a plantejar-nos &#8220;EL DILEMA&#8221;. Els alumnes havien de reflexionar sobre les conductes que comporten risc en una situaci\u00f3 relacionada amb el tr\u00e0nsit. Tamb\u00e9 han conegut les raons que han de decidir una altra conducta.<\/p>\n<p>A continuaci\u00f3 podeu veure un recull de<a href=\"https:\/\/drive.google.com\/drive\/folders\/10OP0w7ECwlOFfK-2TVLxShVWZwvFrUN6?usp=sharing\"> fotografies<\/a>.<\/p>\n<p>Moltes Gr\u00e0cies per la visita!<\/p>\n","protected":false},"excerpt":{"rendered":"<p><a href=\"https:\/\/agora.xtec.cat\/escolacampclar\/wp-content\/uploads\/usu687\/2022\/01\/EL-DILEMA.jpg\"><\/a><br \/>\nDurant aquesta setmana ens ha visitat la Gu\u00e0rdia Urbana.<br \/>\nAquesta visita consistia a plantejar-nos &#8220;EL DILEMA&#8221;. Els alumnes havien de reflexionar sobre les conductes que comporten risc en una situaci\u00f3 relacionada amb el tr\u00e0nsit. Tamb\u00e9 han conegut les raons que han de decidir una altra&hellip;  <a href=\"https:\/\/agora.xtec.cat\/escolacampclar\/general\/el-dilema\/\" title=\"Read El dilema\">Llegeix m\u00e9s\u00bb<\/a><\/p>\n","protected":false},"author":14,"featured_media":3237,"comment_status":"open","ping_status":"closed","sticky":false,"template":"","format":"standard","meta":{"_bbp_topic_count":0,"_bbp_reply_count":0,"_bbp_total_topic_count":0,"_bbp_total_reply_count":0,"_bbp_voice_count":0,"_bbp_anonymous_reply_count":0,"_bbp_topic_count_hidden":0,"_bbp_reply_count_hidden":0,"_bbp_forum_subforum_count":0,"footnotes":""},"categories":[26,1],"tags":[63,44],"class_list":["post-3236","post","type-post","status-publish","format-standard","has-post-thumbnail","hentry","category-cicle-superior","category-general","tag-cicle-superior","tag-escola-campclar"],"post_mailing_queue_ids":[],"_links":{"self":[{"href":"https:\/\/agora.xtec.cat\/escolacampclar\/wp-json\/wp\/v2\/posts\/3236","targetHints":{"allow":["GET"]}}],"collection":[{"href":"https:\/\/agora.xtec.cat\/escolacampclar\/wp-json\/wp\/v2\/posts"}],"about":[{"href":"https:\/\/agora.xtec.cat\/escolacampclar\/wp-json\/wp\/v2\/types\/post"}],"author":[{"embeddable":true,"href":"https:\/\/agora.xtec.cat\/escolacampclar\/wp-json\/wp\/v2\/users\/14"}],"replies":[{"embeddable":true,"href":"https:\/\/agora.xtec.cat\/escolacampclar\/wp-json\/wp\/v2\/comments?post=3236"}],"version-history":[{"count":3,"href":"https:\/\/agora.xtec.cat\/escolacampclar\/wp-json\/wp\/v2\/posts\/3236\/revisions"}],"predecessor-version":[{"id":3243,"href":"https:\/\/agora.xtec.cat\/escolacampclar\/wp-json\/wp\/v2\/posts\/3236\/revisions\/3243"}],"wp:featuredmedia":[{"embeddable":true,"href":"https:\/\/agora.xtec.cat\/escolacampclar\/wp-json\/wp\/v2\/media\/3237"}],"wp:attachment":[{"href":"https:\/\/agora.xtec.cat\/escolacampclar\/wp-json\/wp\/v2\/media?parent=3236"}],"wp:term":[{"taxonomy":"category","embeddable":true,"href":"https:\/\/agora.xtec.cat\/escolacampclar\/wp-json\/wp\/v2\/categories?post=3236"},{"taxonomy":"post_tag","embeddable":true,"href":"https:\/\/agora.xtec.cat\/escolacampclar\/wp-json\/wp\/v2\/tags?post=3236"}],"curies":[{"name":"wp","href":"https:\/\/api.w.org\/{rel}","templated":true}]}}