{"id":3208,"date":"2021-12-13T09:24:50","date_gmt":"2021-12-13T08:24:50","guid":{"rendered":"https:\/\/agora.xtec.cat\/escolacampclar\/?p=3208"},"modified":"2021-12-13T09:24:50","modified_gmt":"2021-12-13T08:24:50","slug":"activitats-a-p3","status":"publish","type":"post","link":"https:\/\/agora.xtec.cat\/escolacampclar\/general\/activitats-a-p3\/","title":{"rendered":"Activitats a P3"},"content":{"rendered":"<p>La motricitat fina inclou tots aquells petits moviments que fem amb les mans, per\u00f2 tamb\u00e9 amb els canells, amb els dits,&#8230; Per realitzar activitats d&#8217;aquest tipus tamb\u00e9 necessita una bona precisi\u00f3 i un alt nivell de coordinaci\u00f3 i concentraci\u00f3.<\/p>\n<p>Assolir el desenvolupament de la motricitat fina, \u00e9s un proc\u00e9s lent, que requereix de maduresa. Aquest temps maduratiu ser\u00e0 diferent en cada infant. Per treballar la motricitat fina moltes vegades utilitzem objectes quotidians, coses que els nens i les nenes tenen molt a l&#8217;abast. Aqu\u00ed teniu una mostra de com l&#8217;hem treballada durant aquest trimestre.<\/p>\n<p><a href=\"https:\/\/drive.google.com\/file\/d\/1KER1OVECfa1EWeKMU7TbfMKki7ajr5pa\/view?usp=sharing\">Clica aqu\u00ed per veure el v\u00eddeo.<\/a><\/p>\n","protected":false},"excerpt":{"rendered":"<p>La motricitat fina inclou tots aquells petits moviments que fem amb les mans, per\u00f2 tamb\u00e9 amb els canells, amb els dits,&#8230; Per realitzar activitats d&#8217;aquest tipus tamb\u00e9 necessita una bona precisi\u00f3 i un alt nivell de coordinaci\u00f3 i concentraci\u00f3.<br \/>\nAssolir el desenvolupament de la motricitat fina,&hellip;  <a href=\"https:\/\/agora.xtec.cat\/escolacampclar\/general\/activitats-a-p3\/\" title=\"Read Activitats a P3\">Llegeix m\u00e9s\u00bb<\/a><\/p>\n","protected":false},"author":14,"featured_media":0,"comment_status":"open","ping_status":"closed","sticky":false,"template":"","format":"standard","meta":{"_bbp_topic_count":0,"_bbp_reply_count":0,"_bbp_total_topic_count":0,"_bbp_total_reply_count":0,"_bbp_voice_count":0,"_bbp_anonymous_reply_count":0,"_bbp_topic_count_hidden":0,"_bbp_reply_count_hidden":0,"_bbp_forum_subforum_count":0,"footnotes":""},"categories":[59,1],"tags":[42,44,395],"class_list":["post-3208","post","type-post","status-publish","format-standard","hentry","category-infantil","category-general","tag-educacio-infantil-2","tag-escola-campclar","tag-motricitat"],"post_mailing_queue_ids":[],"_links":{"self":[{"href":"https:\/\/agora.xtec.cat\/escolacampclar\/wp-json\/wp\/v2\/posts\/3208","targetHints":{"allow":["GET"]}}],"collection":[{"href":"https:\/\/agora.xtec.cat\/escolacampclar\/wp-json\/wp\/v2\/posts"}],"about":[{"href":"https:\/\/agora.xtec.cat\/escolacampclar\/wp-json\/wp\/v2\/types\/post"}],"author":[{"embeddable":true,"href":"https:\/\/agora.xtec.cat\/escolacampclar\/wp-json\/wp\/v2\/users\/14"}],"replies":[{"embeddable":true,"href":"https:\/\/agora.xtec.cat\/escolacampclar\/wp-json\/wp\/v2\/comments?post=3208"}],"version-history":[{"count":1,"href":"https:\/\/agora.xtec.cat\/escolacampclar\/wp-json\/wp\/v2\/posts\/3208\/revisions"}],"predecessor-version":[{"id":3209,"href":"https:\/\/agora.xtec.cat\/escolacampclar\/wp-json\/wp\/v2\/posts\/3208\/revisions\/3209"}],"wp:attachment":[{"href":"https:\/\/agora.xtec.cat\/escolacampclar\/wp-json\/wp\/v2\/media?parent=3208"}],"wp:term":[{"taxonomy":"category","embeddable":true,"href":"https:\/\/agora.xtec.cat\/escolacampclar\/wp-json\/wp\/v2\/categories?post=3208"},{"taxonomy":"post_tag","embeddable":true,"href":"https:\/\/agora.xtec.cat\/escolacampclar\/wp-json\/wp\/v2\/tags?post=3208"}],"curies":[{"name":"wp","href":"https:\/\/api.w.org\/{rel}","templated":true}]}}