{"id":3203,"date":"2021-11-29T11:53:41","date_gmt":"2021-11-29T10:53:41","guid":{"rendered":"https:\/\/agora.xtec.cat\/escolacampclar\/?p=3203"},"modified":"2021-11-29T12:01:00","modified_gmt":"2021-11-29T11:01:00","slug":"futbol","status":"publish","type":"post","link":"https:\/\/agora.xtec.cat\/escolacampclar\/general\/futbol\/","title":{"rendered":"FUTBOL"},"content":{"rendered":"<p><a href=\"https:\/\/agora.xtec.cat\/escolacampclar\/wp-content\/uploads\/usu687\/2021\/11\/EQUIP-DE-FUTBOL-Postal-fotografica.jpg\"><img loading=\"lazy\" decoding=\"async\" class=\" wp-image-3206 aligncenter\" src=\"https:\/\/agora.xtec.cat\/escolacampclar\/wp-content\/uploads\/usu687\/2021\/11\/EQUIP-DE-FUTBOL-Postal-fotografica-1024x726.jpg\" alt=\"\" width=\"548\" height=\"388\" srcset=\"https:\/\/agora.xtec.cat\/escolacampclar\/wp-content\/uploads\/usu687\/2021\/11\/EQUIP-DE-FUTBOL-Postal-fotografica-1024x726.jpg 1024w, https:\/\/agora.xtec.cat\/escolacampclar\/wp-content\/uploads\/usu687\/2021\/11\/EQUIP-DE-FUTBOL-Postal-fotografica-300x213.jpg 300w, https:\/\/agora.xtec.cat\/escolacampclar\/wp-content\/uploads\/usu687\/2021\/11\/EQUIP-DE-FUTBOL-Postal-fotografica-768x545.jpg 768w, https:\/\/agora.xtec.cat\/escolacampclar\/wp-content\/uploads\/usu687\/2021\/11\/EQUIP-DE-FUTBOL-Postal-fotografica-1536x1090.jpg 1536w, https:\/\/agora.xtec.cat\/escolacampclar\/wp-content\/uploads\/usu687\/2021\/11\/EQUIP-DE-FUTBOL-Postal-fotografica.jpg 1748w\" sizes=\"auto, (max-width: 548px) 100vw, 548px\" \/><\/a><\/p>\n<p>Aquest cap de setmana han disputat el primer partit de futbol l&#8217;alumnat de 6\u00e8.<\/p>\n<p>Fa just un mes que van comen\u00e7ar els entrenaments i amb el seu esfor\u00e7 i ganes de jugar van fer un partid\u00e0s.<\/p>\n<p>Molta sort amb els pr\u00f2xims partits.<\/p>\n<p>A continuaci\u00f3 podreu veure un seguit d&#8217;<a href=\"https:\/\/drive.google.com\/drive\/folders\/1L0XvgkswQ0caUFwyKTIarTYmdajwOVt5?usp=sharing\">imatges.<\/a><\/p>\n<p>&nbsp;<\/p>\n","protected":false},"excerpt":{"rendered":"<p><a href=\"https:\/\/agora.xtec.cat\/escolacampclar\/wp-content\/uploads\/usu687\/2021\/11\/EQUIP-DE-FUTBOL-Postal-fotografica.jpg\"><\/a><br \/>\nAquest cap de setmana han disputat el primer partit de futbol l&#8217;alumnat de 6\u00e8.<br \/>\nFa just un mes que van comen\u00e7ar els entrenaments i amb el seu esfor\u00e7 i ganes de jugar van fer un partid\u00e0s.<br \/>\nMolta sort amb els pr\u00f2xims partits.<br \/>\nA continuaci\u00f3 podreu veure un&hellip;  <a href=\"https:\/\/agora.xtec.cat\/escolacampclar\/general\/futbol\/\" title=\"Read FUTBOL\">Llegeix m\u00e9s\u00bb<\/a><\/p>\n","protected":false},"author":14,"featured_media":3206,"comment_status":"open","ping_status":"closed","sticky":false,"template":"","format":"standard","meta":{"_bbp_topic_count":0,"_bbp_reply_count":0,"_bbp_total_topic_count":0,"_bbp_total_reply_count":0,"_bbp_voice_count":0,"_bbp_anonymous_reply_count":0,"_bbp_topic_count_hidden":0,"_bbp_reply_count_hidden":0,"_bbp_forum_subforum_count":0,"footnotes":""},"categories":[26,344,1],"tags":[63,44],"class_list":["post-3203","post","type-post","status-publish","format-standard","has-post-thumbnail","hentry","category-cicle-superior","category-escola-campclar","category-general","tag-cicle-superior","tag-escola-campclar"],"post_mailing_queue_ids":[],"_links":{"self":[{"href":"https:\/\/agora.xtec.cat\/escolacampclar\/wp-json\/wp\/v2\/posts\/3203","targetHints":{"allow":["GET"]}}],"collection":[{"href":"https:\/\/agora.xtec.cat\/escolacampclar\/wp-json\/wp\/v2\/posts"}],"about":[{"href":"https:\/\/agora.xtec.cat\/escolacampclar\/wp-json\/wp\/v2\/types\/post"}],"author":[{"embeddable":true,"href":"https:\/\/agora.xtec.cat\/escolacampclar\/wp-json\/wp\/v2\/users\/14"}],"replies":[{"embeddable":true,"href":"https:\/\/agora.xtec.cat\/escolacampclar\/wp-json\/wp\/v2\/comments?post=3203"}],"version-history":[{"count":2,"href":"https:\/\/agora.xtec.cat\/escolacampclar\/wp-json\/wp\/v2\/posts\/3203\/revisions"}],"predecessor-version":[{"id":3207,"href":"https:\/\/agora.xtec.cat\/escolacampclar\/wp-json\/wp\/v2\/posts\/3203\/revisions\/3207"}],"wp:featuredmedia":[{"embeddable":true,"href":"https:\/\/agora.xtec.cat\/escolacampclar\/wp-json\/wp\/v2\/media\/3206"}],"wp:attachment":[{"href":"https:\/\/agora.xtec.cat\/escolacampclar\/wp-json\/wp\/v2\/media?parent=3203"}],"wp:term":[{"taxonomy":"category","embeddable":true,"href":"https:\/\/agora.xtec.cat\/escolacampclar\/wp-json\/wp\/v2\/categories?post=3203"},{"taxonomy":"post_tag","embeddable":true,"href":"https:\/\/agora.xtec.cat\/escolacampclar\/wp-json\/wp\/v2\/tags?post=3203"}],"curies":[{"name":"wp","href":"https:\/\/api.w.org\/{rel}","templated":true}]}}