{"id":3200,"date":"2021-11-26T08:00:51","date_gmt":"2021-11-26T07:00:51","guid":{"rendered":"https:\/\/agora.xtec.cat\/escolacampclar\/?p=3200"},"modified":"2021-11-25T14:54:32","modified_gmt":"2021-11-25T13:54:32","slug":"setmana-de-la-conviencia","status":"publish","type":"post","link":"https:\/\/agora.xtec.cat\/escolacampclar\/general\/setmana-de-la-conviencia\/","title":{"rendered":"SETMANA DE LA CONVI\u00c8NCIA"},"content":{"rendered":"<p><a href=\"https:\/\/agora.xtec.cat\/escolacampclar\/wp-content\/uploads\/usu687\/2021\/11\/SETMANA-DE-CONVIVENCIA.jpg\"><img loading=\"lazy\" decoding=\"async\" class=\" wp-image-3201 aligncenter\" src=\"https:\/\/agora.xtec.cat\/escolacampclar\/wp-content\/uploads\/usu687\/2021\/11\/SETMANA-DE-CONVIVENCIA-1024x726.jpg\" alt=\"\" width=\"495\" height=\"351\" srcset=\"https:\/\/agora.xtec.cat\/escolacampclar\/wp-content\/uploads\/usu687\/2021\/11\/SETMANA-DE-CONVIVENCIA-1024x726.jpg 1024w, https:\/\/agora.xtec.cat\/escolacampclar\/wp-content\/uploads\/usu687\/2021\/11\/SETMANA-DE-CONVIVENCIA-300x213.jpg 300w, https:\/\/agora.xtec.cat\/escolacampclar\/wp-content\/uploads\/usu687\/2021\/11\/SETMANA-DE-CONVIVENCIA-768x545.jpg 768w, https:\/\/agora.xtec.cat\/escolacampclar\/wp-content\/uploads\/usu687\/2021\/11\/SETMANA-DE-CONVIVENCIA-1536x1090.jpg 1536w, https:\/\/agora.xtec.cat\/escolacampclar\/wp-content\/uploads\/usu687\/2021\/11\/SETMANA-DE-CONVIVENCIA.jpg 1748w\" sizes=\"auto, (max-width: 495px) 100vw, 495px\" \/><\/a><\/p>\n<p>La UNESCO \u00e9s una Organitzaci\u00f3 de les Nacions Unides per l&#8217;Educaci\u00f3, la Ci\u00e8ncia i la Cultura. La UNESCO tracta d&#8217;establir la pau mitjan\u00e7ant de la cooperaci\u00f3 internacional pel que respecta a l&#8217;educaci\u00f3, ci\u00e8ncia i cultura.<\/p>\n<p>Per aquest motiu l&#8217;escola ha estat treballant diferents continguts:<\/p>\n<p><strong>COMUNITAT DELS PETITS: DRETS DELS INFANTS<\/strong><\/p>\n<p>Tots els alumnes han treballat els tres drets dels infants relacionats amb:<\/p>\n<p>1. Salut i Vida.<br \/>\n2. Educaci\u00f3, lleure i joc.<br \/>\n3. Amor, comprensi\u00f3 i fam\u00edlia.<\/p>\n<p>S&#8217;ha explicat els continguts d&#8217;aquests drets\u00a0mitjan\u00e7ant contes,\u00a0v\u00eddeos, converses, joc\u00a0simb\u00f2lic\u00a0i activitats visuals i pl\u00e0stiques.<\/p>\n<p>Ho podeu veure tot clicant <a href=\"https:\/\/drive.google.com\/drive\/folders\/11278PIvX3RTL0jVUFxFG9e6WkRL44QX1?usp=sharing\">aqu\u00ed.\u00a0<\/a><\/p>\n<p><strong>COMUNITAT DE MITJANS: ODS<\/strong><\/p>\n<p>Els alumnes han apr\u00e8s sobre la UNESCO i s&#8217;ha treballat els 17 objectius del Desenvolupament Sostenible (ODS)<\/p>\n<p>A continuaci\u00f3 es podr\u00e0 veure un recull d&#8217;<a href=\"https:\/\/drive.google.com\/drive\/folders\/11JJSUrblc2FU1BtMxl1KLkQHiGqzA-Aj?usp=sharing\">imatges.<\/a><\/p>\n<p><strong>COMUNITAT DE GRANS: L\u2019ERADICACI\u00d3 DE LA VIOL\u00c8NCIA MASCLISTA<\/strong><\/p>\n<p><span style=\"font-family: inherit; font-size: 1em;\">Els alumnes han treballat sobre viol\u00e8ncia a partir de la can\u00e7\u00f3 &#8220;LA\u00a0<span class=\"hiddenSpellError\">PUERTA<\/span>\u00a0VIOLETA&#8221; de la\u00a0<span class=\"hiddenSpellError\">Rozal\u00e9n<\/span>.<\/p>\n<p>S&#8217;ha analitzat la lletra, les imatges, el videoclip&#8230;<\/p>\n<p>El resultat final ha estat un lipdub, murals&#8230;\u00a0 A continuaci\u00f3, es trobar\u00e0 un recull d&#8217;<\/span><a style=\"font-family: inherit; font-size: 1em;\" href=\"https:\/\/drive.google.com\/drive\/folders\/11T2BdBMfZyJjgwz8KKNGfpRXUfWZR2oN?usp=sharing\">imatges.<\/a><span style=\"font-family: inherit; font-size: 1em;\">\u00a0<\/span><\/p>\n<p>&nbsp;<\/p>\n<p>&nbsp;<\/p>\n","protected":false},"excerpt":{"rendered":"<p><a href=\"https:\/\/agora.xtec.cat\/escolacampclar\/wp-content\/uploads\/usu687\/2021\/11\/SETMANA-DE-CONVIVENCIA.jpg\"><\/a><br \/>\nLa UNESCO \u00e9s una Organitzaci\u00f3 de les Nacions Unides per l&#8217;Educaci\u00f3, la Ci\u00e8ncia i la Cultura. La UNESCO tracta d&#8217;establir la pau mitjan\u00e7ant de la cooperaci\u00f3 internacional pel que respecta a l&#8217;educaci\u00f3, ci\u00e8ncia i cultura.<br \/>\nPer aquest motiu l&#8217;escola ha estat treballant diferents continguts:<br \/>\nCOMUNITAT DELS&hellip;  <a href=\"https:\/\/agora.xtec.cat\/escolacampclar\/general\/setmana-de-la-conviencia\/\" title=\"Read SETMANA DE LA CONVI\u00c8NCIA\">Llegeix m\u00e9s\u00bb<\/a><\/p>\n","protected":false},"author":14,"featured_media":3201,"comment_status":"open","ping_status":"closed","sticky":false,"template":"","format":"standard","meta":{"_bbp_topic_count":0,"_bbp_reply_count":0,"_bbp_total_topic_count":0,"_bbp_total_reply_count":0,"_bbp_voice_count":0,"_bbp_anonymous_reply_count":0,"_bbp_topic_count_hidden":0,"_bbp_reply_count_hidden":0,"_bbp_forum_subforum_count":0,"footnotes":""},"categories":[24,25,26,59,344,1],"tags":[36,37,63,42,44],"class_list":["post-3200","post","type-post","status-publish","format-standard","has-post-thumbnail","hentry","category-cicle-inicial","category-cicle-mitja","category-cicle-superior","category-infantil","category-escola-campclar","category-general","tag-cicle-inicial","tag-cicle-mitja-2","tag-cicle-superior","tag-educacio-infantil-2","tag-escola-campclar"],"post_mailing_queue_ids":[],"_links":{"self":[{"href":"https:\/\/agora.xtec.cat\/escolacampclar\/wp-json\/wp\/v2\/posts\/3200","targetHints":{"allow":["GET"]}}],"collection":[{"href":"https:\/\/agora.xtec.cat\/escolacampclar\/wp-json\/wp\/v2\/posts"}],"about":[{"href":"https:\/\/agora.xtec.cat\/escolacampclar\/wp-json\/wp\/v2\/types\/post"}],"author":[{"embeddable":true,"href":"https:\/\/agora.xtec.cat\/escolacampclar\/wp-json\/wp\/v2\/users\/14"}],"replies":[{"embeddable":true,"href":"https:\/\/agora.xtec.cat\/escolacampclar\/wp-json\/wp\/v2\/comments?post=3200"}],"version-history":[{"count":1,"href":"https:\/\/agora.xtec.cat\/escolacampclar\/wp-json\/wp\/v2\/posts\/3200\/revisions"}],"predecessor-version":[{"id":3202,"href":"https:\/\/agora.xtec.cat\/escolacampclar\/wp-json\/wp\/v2\/posts\/3200\/revisions\/3202"}],"wp:featuredmedia":[{"embeddable":true,"href":"https:\/\/agora.xtec.cat\/escolacampclar\/wp-json\/wp\/v2\/media\/3201"}],"wp:attachment":[{"href":"https:\/\/agora.xtec.cat\/escolacampclar\/wp-json\/wp\/v2\/media?parent=3200"}],"wp:term":[{"taxonomy":"category","embeddable":true,"href":"https:\/\/agora.xtec.cat\/escolacampclar\/wp-json\/wp\/v2\/categories?post=3200"},{"taxonomy":"post_tag","embeddable":true,"href":"https:\/\/agora.xtec.cat\/escolacampclar\/wp-json\/wp\/v2\/tags?post=3200"}],"curies":[{"name":"wp","href":"https:\/\/api.w.org\/{rel}","templated":true}]}}