{"id":3196,"date":"2021-11-25T08:00:20","date_gmt":"2021-11-25T07:00:20","guid":{"rendered":"https:\/\/agora.xtec.cat\/escolacampclar\/?p=3196"},"modified":"2021-11-24T20:28:28","modified_gmt":"2021-11-24T19:28:28","slug":"dia-internacional-per-a-leliminacio-de-la-violencia-contra-les-dones","status":"publish","type":"post","link":"https:\/\/agora.xtec.cat\/escolacampclar\/general\/dia-internacional-per-a-leliminacio-de-la-violencia-contra-les-dones\/","title":{"rendered":"Dia internacional per a l\u2019eliminaci\u00f3 de la viol\u00e8ncia contra les dones"},"content":{"rendered":"<p><a href=\"https:\/\/agora.xtec.cat\/escolacampclar\/wp-content\/uploads\/usu687\/2021\/11\/Dia-internacional-per-a-leliminacio-de-la-violencia-contra-les-dones.jpg\"><img loading=\"lazy\" decoding=\"async\" class=\" wp-image-3197 aligncenter\" src=\"https:\/\/agora.xtec.cat\/escolacampclar\/wp-content\/uploads\/usu687\/2021\/11\/Dia-internacional-per-a-leliminacio-de-la-violencia-contra-les-dones-724x1024.jpg\" alt=\"\" width=\"564\" height=\"797\" srcset=\"https:\/\/agora.xtec.cat\/escolacampclar\/wp-content\/uploads\/usu687\/2021\/11\/Dia-internacional-per-a-leliminacio-de-la-violencia-contra-les-dones-724x1024.jpg 724w, https:\/\/agora.xtec.cat\/escolacampclar\/wp-content\/uploads\/usu687\/2021\/11\/Dia-internacional-per-a-leliminacio-de-la-violencia-contra-les-dones-212x300.jpg 212w, https:\/\/agora.xtec.cat\/escolacampclar\/wp-content\/uploads\/usu687\/2021\/11\/Dia-internacional-per-a-leliminacio-de-la-violencia-contra-les-dones-768x1086.jpg 768w, https:\/\/agora.xtec.cat\/escolacampclar\/wp-content\/uploads\/usu687\/2021\/11\/Dia-internacional-per-a-leliminacio-de-la-violencia-contra-les-dones-1086x1536.jpg 1086w, https:\/\/agora.xtec.cat\/escolacampclar\/wp-content\/uploads\/usu687\/2021\/11\/Dia-internacional-per-a-leliminacio-de-la-violencia-contra-les-dones-1448x2048.jpg 1448w, https:\/\/agora.xtec.cat\/escolacampclar\/wp-content\/uploads\/usu687\/2021\/11\/Dia-internacional-per-a-leliminacio-de-la-violencia-contra-les-dones.jpg 1587w\" sizes=\"auto, (max-width: 564px) 100vw, 564px\" \/><\/a><\/p>\n<p>A l&#8217;escola hem volgut que el 25 de novembre no fos un dia com un altre qualsevol perqu\u00e8 hem de prendre consci\u00e8ncia sobre la viol\u00e8ncia de g\u00e8nere a la nostra societat. Estem tots d&#8217;acord que s&#8217;ha de dir Prou viol\u00e8ncia envers a les nenes, les noies, les dones!I, en definitiva hem d&#8217;estar en contra de qualsevol tipus de viol\u00e8ncia.<\/p>\n<h1 style=\"text-align: center;\"><strong>NO vol dir NO!!!<\/strong><\/h1>\n<p>A continuaci\u00f3 es podr\u00e0 veure el <a href=\"https:\/\/drive.google.com\/file\/d\/1qEFFPtXlr6uIIc4dq241Fu32AjPxVAvm\/view?usp=sharing\">v\u00eddeo<\/a> que han preparat tota la comunitat.<\/p>\n<p>&nbsp;<\/p>\n<p>&nbsp;<\/p>\n<p>&nbsp;<\/p>\n<p>&nbsp;<\/p>\n<p>&nbsp;<\/p>\n<p>&nbsp;<\/p>\n","protected":false},"excerpt":{"rendered":"<p><a href=\"https:\/\/agora.xtec.cat\/escolacampclar\/wp-content\/uploads\/usu687\/2021\/11\/Dia-internacional-per-a-leliminacio-de-la-violencia-contra-les-dones.jpg\"><\/a><br \/>\nA l&#8217;escola hem volgut que el 25 de novembre no fos un dia com un altre qualsevol perqu\u00e8 hem de prendre consci\u00e8ncia sobre la viol\u00e8ncia de g\u00e8nere a la nostra societat. Estem tots d&#8217;acord que s&#8217;ha de dir Prou viol\u00e8ncia envers a les nenes,&hellip;  <a href=\"https:\/\/agora.xtec.cat\/escolacampclar\/general\/dia-internacional-per-a-leliminacio-de-la-violencia-contra-les-dones\/\" title=\"Read Dia internacional per a l\u2019eliminaci\u00f3 de la viol\u00e8ncia contra les dones\">Llegeix m\u00e9s\u00bb<\/a><\/p>\n","protected":false},"author":14,"featured_media":3197,"comment_status":"open","ping_status":"closed","sticky":false,"template":"","format":"standard","meta":{"_bbp_topic_count":0,"_bbp_reply_count":0,"_bbp_total_topic_count":0,"_bbp_total_reply_count":0,"_bbp_voice_count":0,"_bbp_anonymous_reply_count":0,"_bbp_topic_count_hidden":0,"_bbp_reply_count_hidden":0,"_bbp_forum_subforum_count":0,"footnotes":""},"categories":[25,26,344,1],"tags":[37,63,44,360],"class_list":["post-3196","post","type-post","status-publish","format-standard","has-post-thumbnail","hentry","category-cicle-mitja","category-cicle-superior","category-escola-campclar","category-general","tag-cicle-mitja-2","tag-cicle-superior","tag-escola-campclar","tag-setmana-unesco"],"post_mailing_queue_ids":[],"_links":{"self":[{"href":"https:\/\/agora.xtec.cat\/escolacampclar\/wp-json\/wp\/v2\/posts\/3196","targetHints":{"allow":["GET"]}}],"collection":[{"href":"https:\/\/agora.xtec.cat\/escolacampclar\/wp-json\/wp\/v2\/posts"}],"about":[{"href":"https:\/\/agora.xtec.cat\/escolacampclar\/wp-json\/wp\/v2\/types\/post"}],"author":[{"embeddable":true,"href":"https:\/\/agora.xtec.cat\/escolacampclar\/wp-json\/wp\/v2\/users\/14"}],"replies":[{"embeddable":true,"href":"https:\/\/agora.xtec.cat\/escolacampclar\/wp-json\/wp\/v2\/comments?post=3196"}],"version-history":[{"count":2,"href":"https:\/\/agora.xtec.cat\/escolacampclar\/wp-json\/wp\/v2\/posts\/3196\/revisions"}],"predecessor-version":[{"id":3199,"href":"https:\/\/agora.xtec.cat\/escolacampclar\/wp-json\/wp\/v2\/posts\/3196\/revisions\/3199"}],"wp:featuredmedia":[{"embeddable":true,"href":"https:\/\/agora.xtec.cat\/escolacampclar\/wp-json\/wp\/v2\/media\/3197"}],"wp:attachment":[{"href":"https:\/\/agora.xtec.cat\/escolacampclar\/wp-json\/wp\/v2\/media?parent=3196"}],"wp:term":[{"taxonomy":"category","embeddable":true,"href":"https:\/\/agora.xtec.cat\/escolacampclar\/wp-json\/wp\/v2\/categories?post=3196"},{"taxonomy":"post_tag","embeddable":true,"href":"https:\/\/agora.xtec.cat\/escolacampclar\/wp-json\/wp\/v2\/tags?post=3196"}],"curies":[{"name":"wp","href":"https:\/\/api.w.org\/{rel}","templated":true}]}}