{"id":3191,"date":"2021-11-18T10:10:40","date_gmt":"2021-11-18T09:10:40","guid":{"rendered":"https:\/\/agora.xtec.cat\/escolacampclar\/?p=3191"},"modified":"2021-11-18T10:10:40","modified_gmt":"2021-11-18T09:10:40","slug":"escoles-sentinella","status":"publish","type":"post","link":"https:\/\/agora.xtec.cat\/escolacampclar\/general\/escoles-sentinella\/","title":{"rendered":"Escoles Sentinella"},"content":{"rendered":"<p><span style=\"font-weight: 400;\">Aquest curs continuem implicant-nos en el PROJECTE SENTINELLLA amb l\u2019objectiu d\u2019estar ben informats, col\u00b7laborar en l\u2019estudi per fer les escoles m\u00e9s segures i ajudar el nostre alumnat a ser m\u00e9s solidari i desenvolupar compet\u00e8ncies a trav\u00e9s de la recerca activa.<\/span><\/p>\n<p><span style=\"font-weight: 400;\">Durant aquest trimestre, a la nostra escola s\u2019han portat a terme les seg\u00fcents actuacions:<\/span><\/p>\n<p><span style=\"font-weight: 400;\">Al mes de setembre: <\/span><b>enquestes al personal i a les fam\u00edlies<\/b><span style=\"font-weight: 400;\">. Durant aquests dies tant el personal del centre com els professionals del projecte Sentinella vam ajudar a les fam\u00edlies a fer la seva enquesta. ENTRE TOTS I TOTES HO VAM FER POSSIBLE.<\/span><\/p>\n<p><span style=\"font-weight: 400;\">Els dies 18 i 19 d\u2019octubre l\u2019equip del projecte van venir a recollir les<\/span><b> mostres biol\u00f2giques<\/b><span style=\"font-weight: 400;\"> de tots els participants.<\/span><\/p>\n<p><span style=\"font-weight: 400;\">La setmana del 2 de novembre els t\u00e8cnics ambientals van venir a instal\u00b7lar a les aules corresponents els <\/span><b>sensors de CO2<\/b><span style=\"font-weight: 400;\"> que mesuraven la qualitat de l\u2019aire. Aquesta actuaci\u00f3 es va portar a terme dins del bloc d\u2019avaluaci\u00f3 ambiental.<\/span><\/p>\n<p><span style=\"font-weight: 400;\">Tamb\u00e9 hem rebut ja la infografia amb els resultats del curs passat. Aqu\u00ed us la deixem.<\/span><\/p>\n<p><b>GR\u00c0CIES A LA COMUNITAT EDUCATIVA I A L\u2019EQUIP SENTINELLA PER LA VOSTRA IMPLICACI\u00d3!!<\/b><\/p>\n<p>&nbsp;<\/p>\n","protected":false},"excerpt":{"rendered":"<p>Aquest curs continuem implicant-nos en el PROJECTE SENTINELLLA amb l\u2019objectiu d\u2019estar ben informats, col\u00b7laborar en l\u2019estudi per fer les escoles m\u00e9s segures i ajudar el nostre alumnat a ser m\u00e9s solidari i desenvolupar compet\u00e8ncies a trav\u00e9s de la recerca activa.<br \/>\nDurant aquest trimestre, a la nostra&hellip;  <a href=\"https:\/\/agora.xtec.cat\/escolacampclar\/general\/escoles-sentinella\/\" title=\"Read Escoles Sentinella\">Llegeix m\u00e9s\u00bb<\/a><\/p>\n","protected":false},"author":14,"featured_media":3192,"comment_status":"open","ping_status":"closed","sticky":false,"template":"","format":"standard","meta":{"_bbp_topic_count":0,"_bbp_reply_count":0,"_bbp_total_topic_count":0,"_bbp_total_reply_count":0,"_bbp_voice_count":0,"_bbp_anonymous_reply_count":0,"_bbp_topic_count_hidden":0,"_bbp_reply_count_hidden":0,"_bbp_forum_subforum_count":0,"footnotes":""},"categories":[345,344,1],"tags":[394,369,393,370],"class_list":["post-3191","post","type-post","status-publish","format-standard","has-post-thumbnail","hentry","category-campclar","category-escola-campclar","category-general","tag-covid","tag-escoles-sentinella","tag-salut","tag-sars-covid"],"post_mailing_queue_ids":[],"_links":{"self":[{"href":"https:\/\/agora.xtec.cat\/escolacampclar\/wp-json\/wp\/v2\/posts\/3191","targetHints":{"allow":["GET"]}}],"collection":[{"href":"https:\/\/agora.xtec.cat\/escolacampclar\/wp-json\/wp\/v2\/posts"}],"about":[{"href":"https:\/\/agora.xtec.cat\/escolacampclar\/wp-json\/wp\/v2\/types\/post"}],"author":[{"embeddable":true,"href":"https:\/\/agora.xtec.cat\/escolacampclar\/wp-json\/wp\/v2\/users\/14"}],"replies":[{"embeddable":true,"href":"https:\/\/agora.xtec.cat\/escolacampclar\/wp-json\/wp\/v2\/comments?post=3191"}],"version-history":[{"count":1,"href":"https:\/\/agora.xtec.cat\/escolacampclar\/wp-json\/wp\/v2\/posts\/3191\/revisions"}],"predecessor-version":[{"id":3193,"href":"https:\/\/agora.xtec.cat\/escolacampclar\/wp-json\/wp\/v2\/posts\/3191\/revisions\/3193"}],"wp:featuredmedia":[{"embeddable":true,"href":"https:\/\/agora.xtec.cat\/escolacampclar\/wp-json\/wp\/v2\/media\/3192"}],"wp:attachment":[{"href":"https:\/\/agora.xtec.cat\/escolacampclar\/wp-json\/wp\/v2\/media?parent=3191"}],"wp:term":[{"taxonomy":"category","embeddable":true,"href":"https:\/\/agora.xtec.cat\/escolacampclar\/wp-json\/wp\/v2\/categories?post=3191"},{"taxonomy":"post_tag","embeddable":true,"href":"https:\/\/agora.xtec.cat\/escolacampclar\/wp-json\/wp\/v2\/tags?post=3191"}],"curies":[{"name":"wp","href":"https:\/\/api.w.org\/{rel}","templated":true}]}}