{"id":318,"date":"2010-12-16T20:39:24","date_gmt":"2010-12-16T19:39:24","guid":{"rendered":"http:\/\/blocs.xtec.cat\/campclar\/?p=318"},"modified":"2010-12-16T20:39:24","modified_gmt":"2010-12-16T19:39:24","slug":"ens-agrada-lescola-p-5","status":"publish","type":"post","link":"https:\/\/agora.xtec.cat\/escolacampclar\/general\/ens-agrada-lescola-p-5\/","title":{"rendered":"Ens agrada l&#8217;escola (p-5)."},"content":{"rendered":"<p>Aquest any son els infants m\u00e9s grans de l&#8217;edifici de parvulari. Poc a poc van  adquirint noves responsabilitats i  nous reptes mitjan\u00e7ant el joc. Realitzen nous coneixements que li permetr\u00e0 formar-se com a persona i  desenvolupar la seva autonomia envers el m\u00f3n que l&#8217;envolta.<br \/>\nDurant aquest trimestre han dut a terme diferentes activitats relacionades amb les unitats did\u00e0ctiques realitzades: Santa tecla, la tardor, el carrer i els oficis&#8230; Tamb\u00e9 han triat els noms de les classes:<br \/>\nP-5 A: La classe dels tres porquets i el llop.<br \/>\nP-5 B :La classe d&#8217;en patufet.<br \/>\nS&#8217;estan iniciant a la lectura amb l&#8217;ajud dels seus padrins de lectura (els i les alumnes de 6\u00e8 curs de prim\u00e0ria). Tamb\u00e9 aprenen a parlar les coses i a expressar-se perqu\u00e8 el company s\u00e0piga que \u00e9s el que els agrada i el que els molesta.<br \/>\nFa pocs dies, varen treballar la unitat did\u00e0ctica del carrer i han realitzat (amb material de rebuig) una maqueta dels carrers del nostre barri. La tenen exposada al segon pis. No li falta detall!<\/p>\n<p><embed type=\"application\/x-shockwave-flash\" src=\"http:\/\/picasaweb.google.com\/s\/c\/bin\/slideshow.swf\" width=\"400\" height=\"267\" flashvars=\"host=picasaweb.google.com&amp;hl=es&amp;feat=flashalbum&amp;RGB=0x000000&amp;feed=http%3A%2F%2Fpicasaweb.google.com%2Fdata%2Ffeed%2Fapi%2Fuser%2Fomarti8%2Falbumid%2F5552333539303606033%3Falt%3Drss%26kind%3Dphoto%26hl%3Des\" pluginspage=\"http:\/\/www.macromedia.com\/go\/getflashplayer\"><\/embed><\/p>\n","protected":false},"excerpt":{"rendered":"<p>Aquest any son els infants m\u00e9s grans de l&#8217;edifici de parvulari. Poc a poc van  adquirint noves responsabilitats i  nous reptes mitjan\u00e7ant el joc. Realitzen nous coneixements que li permetr\u00e0 formar-se com a persona i  desenvolupar la seva autonomia envers el m\u00f3n&hellip;  <a href=\"https:\/\/agora.xtec.cat\/escolacampclar\/general\/ens-agrada-lescola-p-5\/\" title=\"Read Ens agrada l&#8217;escola (p-5).\">Llegeix m\u00e9s\u00bb<\/a><\/p>\n","protected":false},"author":1,"featured_media":0,"comment_status":"open","ping_status":"open","sticky":false,"template":"","format":"standard","meta":{"_bbp_topic_count":0,"_bbp_reply_count":0,"_bbp_total_topic_count":0,"_bbp_total_reply_count":0,"_bbp_voice_count":0,"_bbp_anonymous_reply_count":0,"_bbp_topic_count_hidden":0,"_bbp_reply_count_hidden":0,"_bbp_forum_subforum_count":0,"footnotes":""},"categories":[1],"tags":[],"class_list":["post-318","post","type-post","status-publish","format-standard","hentry","category-general"],"post_mailing_queue_ids":[],"_links":{"self":[{"href":"https:\/\/agora.xtec.cat\/escolacampclar\/wp-json\/wp\/v2\/posts\/318","targetHints":{"allow":["GET"]}}],"collection":[{"href":"https:\/\/agora.xtec.cat\/escolacampclar\/wp-json\/wp\/v2\/posts"}],"about":[{"href":"https:\/\/agora.xtec.cat\/escolacampclar\/wp-json\/wp\/v2\/types\/post"}],"author":[{"embeddable":true,"href":"https:\/\/agora.xtec.cat\/escolacampclar\/wp-json\/wp\/v2\/users\/1"}],"replies":[{"embeddable":true,"href":"https:\/\/agora.xtec.cat\/escolacampclar\/wp-json\/wp\/v2\/comments?post=318"}],"version-history":[{"count":0,"href":"https:\/\/agora.xtec.cat\/escolacampclar\/wp-json\/wp\/v2\/posts\/318\/revisions"}],"wp:attachment":[{"href":"https:\/\/agora.xtec.cat\/escolacampclar\/wp-json\/wp\/v2\/media?parent=318"}],"wp:term":[{"taxonomy":"category","embeddable":true,"href":"https:\/\/agora.xtec.cat\/escolacampclar\/wp-json\/wp\/v2\/categories?post=318"},{"taxonomy":"post_tag","embeddable":true,"href":"https:\/\/agora.xtec.cat\/escolacampclar\/wp-json\/wp\/v2\/tags?post=318"}],"curies":[{"name":"wp","href":"https:\/\/api.w.org\/{rel}","templated":true}]}}