{"id":3179,"date":"2021-11-08T09:27:11","date_gmt":"2021-11-08T08:27:11","guid":{"rendered":"https:\/\/agora.xtec.cat\/escolacampclar\/?p=3179"},"modified":"2021-11-08T09:28:08","modified_gmt":"2021-11-08T08:28:08","slug":"eleccions-al-consell-escolar-2021","status":"publish","type":"post","link":"https:\/\/agora.xtec.cat\/escolacampclar\/general\/eleccions-al-consell-escolar-2021\/","title":{"rendered":"Eleccions al Consell Escolar 2021"},"content":{"rendered":"<p style=\"text-align: left;\"><span style=\"font-weight: 400;\">El\u00a0 2 de novembre va comen\u00e7ar\u00a0 el proc\u00e9s de <\/span><b>renovaci\u00f3 de membres del Consell Escolar.<\/b><span style=\"font-weight: 400;\"> Volem incidir en la import\u00e0ncia que t\u00e9 pels vostres infants la implicaci\u00f3 dels seus pares i mares en la vida del centre. Per aix\u00f2 us demanem la vostra participaci\u00f3 i us animem a presentar la vostra candidatura per representar les fam\u00edlies de l\u2019escola. Aquest curs\u00a0 es renovaran del sector fam\u00edlies 3 representants.<\/span><span style=\"font-weight: 400;\">Us deixem una infografia i un enlla\u00e7 on us explica al detall amb el calendari i les actuacions a seguir. Per a qualsevol q\u00fcesti\u00f3 no dubteu en preguntar-nos.<\/span><\/p>\n<p><strong>TU ETS IMPORTANT PER LA TEVA ESCOLA<\/strong><\/p>\n<p><strong><i>PARTICIPA !!!!<\/i><\/strong><\/p>\n<p><a href=\"https:\/\/educacio.gencat.cat\/ca\/arees-actuacio\/families\/recursos\/recomanacions\/eleccions-consells-escolars\/?s=08\">CLICA AQU\u00cd PER ANAR A L&#8217;ENLLA\u00c7<\/a><\/p>\n<p><a href=\"https:\/\/agora.xtec.cat\/escolacampclar\/wp-content\/uploads\/usu687\/2021\/11\/INFO-CONSELL-ESCOLAR-2-1.png\"><img loading=\"lazy\" decoding=\"async\" class=\"alignnone size-large wp-image-3182\" src=\"https:\/\/agora.xtec.cat\/escolacampclar\/wp-content\/uploads\/usu687\/2021\/11\/INFO-CONSELL-ESCOLAR-2-1-410x1024.png\" alt=\"\" width=\"410\" height=\"1024\" srcset=\"https:\/\/agora.xtec.cat\/escolacampclar\/wp-content\/uploads\/usu687\/2021\/11\/INFO-CONSELL-ESCOLAR-2-1-410x1024.png 410w, https:\/\/agora.xtec.cat\/escolacampclar\/wp-content\/uploads\/usu687\/2021\/11\/INFO-CONSELL-ESCOLAR-2-1-120x300.png 120w, https:\/\/agora.xtec.cat\/escolacampclar\/wp-content\/uploads\/usu687\/2021\/11\/INFO-CONSELL-ESCOLAR-2-1-768x1920.png 768w, https:\/\/agora.xtec.cat\/escolacampclar\/wp-content\/uploads\/usu687\/2021\/11\/INFO-CONSELL-ESCOLAR-2-1.png 800w\" sizes=\"auto, (max-width: 410px) 100vw, 410px\" \/><\/a><\/p>\n<p>&nbsp;<\/p>\n","protected":false},"excerpt":{"rendered":"<p>El\u00a0 2 de novembre va comen\u00e7ar\u00a0 el proc\u00e9s de renovaci\u00f3 de membres del Consell Escolar. Volem incidir en la import\u00e0ncia que t\u00e9 pels vostres infants la implicaci\u00f3 dels seus pares i mares en la vida del centre. Per aix\u00f2 us demanem la vostra participaci\u00f3 i&hellip;  <a href=\"https:\/\/agora.xtec.cat\/escolacampclar\/general\/eleccions-al-consell-escolar-2021\/\" title=\"Read Eleccions al Consell Escolar 2021\">Llegeix m\u00e9s\u00bb<\/a><\/p>\n","protected":false},"author":14,"featured_media":3180,"comment_status":"open","ping_status":"closed","sticky":false,"template":"","format":"standard","meta":{"_bbp_topic_count":0,"_bbp_reply_count":0,"_bbp_total_topic_count":0,"_bbp_total_reply_count":0,"_bbp_voice_count":0,"_bbp_anonymous_reply_count":0,"_bbp_topic_count_hidden":0,"_bbp_reply_count_hidden":0,"_bbp_forum_subforum_count":0,"footnotes":""},"categories":[344,1],"tags":[392,391,44,246,55],"class_list":["post-3179","post","type-post","status-publish","format-standard","has-post-thumbnail","hentry","category-escola-campclar","category-general","tag-conell-escolar","tag-eleccions","tag-escola-campclar","tag-families","tag-tarragona"],"post_mailing_queue_ids":[],"_links":{"self":[{"href":"https:\/\/agora.xtec.cat\/escolacampclar\/wp-json\/wp\/v2\/posts\/3179","targetHints":{"allow":["GET"]}}],"collection":[{"href":"https:\/\/agora.xtec.cat\/escolacampclar\/wp-json\/wp\/v2\/posts"}],"about":[{"href":"https:\/\/agora.xtec.cat\/escolacampclar\/wp-json\/wp\/v2\/types\/post"}],"author":[{"embeddable":true,"href":"https:\/\/agora.xtec.cat\/escolacampclar\/wp-json\/wp\/v2\/users\/14"}],"replies":[{"embeddable":true,"href":"https:\/\/agora.xtec.cat\/escolacampclar\/wp-json\/wp\/v2\/comments?post=3179"}],"version-history":[{"count":1,"href":"https:\/\/agora.xtec.cat\/escolacampclar\/wp-json\/wp\/v2\/posts\/3179\/revisions"}],"predecessor-version":[{"id":3183,"href":"https:\/\/agora.xtec.cat\/escolacampclar\/wp-json\/wp\/v2\/posts\/3179\/revisions\/3183"}],"wp:featuredmedia":[{"embeddable":true,"href":"https:\/\/agora.xtec.cat\/escolacampclar\/wp-json\/wp\/v2\/media\/3180"}],"wp:attachment":[{"href":"https:\/\/agora.xtec.cat\/escolacampclar\/wp-json\/wp\/v2\/media?parent=3179"}],"wp:term":[{"taxonomy":"category","embeddable":true,"href":"https:\/\/agora.xtec.cat\/escolacampclar\/wp-json\/wp\/v2\/categories?post=3179"},{"taxonomy":"post_tag","embeddable":true,"href":"https:\/\/agora.xtec.cat\/escolacampclar\/wp-json\/wp\/v2\/tags?post=3179"}],"curies":[{"name":"wp","href":"https:\/\/api.w.org\/{rel}","templated":true}]}}