{"id":3172,"date":"2021-10-25T11:59:10","date_gmt":"2021-10-25T09:59:10","guid":{"rendered":"https:\/\/agora.xtec.cat\/escolacampclar\/?p=3172"},"modified":"2021-10-25T12:01:12","modified_gmt":"2021-10-25T10:01:12","slug":"hort-de-lescola","status":"publish","type":"post","link":"https:\/\/agora.xtec.cat\/escolacampclar\/general\/hort-de-lescola\/","title":{"rendered":"HORT DE L&#8217;ESCOLA"},"content":{"rendered":"<p>&nbsp;<\/p>\n<p><a href=\"https:\/\/agora.xtec.cat\/escolacampclar\/wp-content\/uploads\/usu687\/2021\/10\/HORT-ESCOLA-CAMPCLAR.jpg\"><img loading=\"lazy\" decoding=\"async\" class=\" wp-image-3173 aligncenter\" src=\"https:\/\/agora.xtec.cat\/escolacampclar\/wp-content\/uploads\/usu687\/2021\/10\/HORT-ESCOLA-CAMPCLAR-1024x819.jpg\" alt=\"\" width=\"641\" height=\"513\" srcset=\"https:\/\/agora.xtec.cat\/escolacampclar\/wp-content\/uploads\/usu687\/2021\/10\/HORT-ESCOLA-CAMPCLAR-1024x819.jpg 1024w, https:\/\/agora.xtec.cat\/escolacampclar\/wp-content\/uploads\/usu687\/2021\/10\/HORT-ESCOLA-CAMPCLAR-300x240.jpg 300w, https:\/\/agora.xtec.cat\/escolacampclar\/wp-content\/uploads\/usu687\/2021\/10\/HORT-ESCOLA-CAMPCLAR-768x614.jpg 768w, https:\/\/agora.xtec.cat\/escolacampclar\/wp-content\/uploads\/usu687\/2021\/10\/HORT-ESCOLA-CAMPCLAR-1536x1229.jpg 1536w, https:\/\/agora.xtec.cat\/escolacampclar\/wp-content\/uploads\/usu687\/2021\/10\/HORT-ESCOLA-CAMPCLAR.jpg 2000w\" sizes=\"auto, (max-width: 641px) 100vw, 641px\" \/><\/a><\/p>\n<p><span style=\"font-weight: 400;\">Encetem la temporada del nostre hort escolar:\u00a0<\/span><\/p>\n<p><span style=\"font-weight: 400;\">L\u2019escola ha rebut un cami\u00f3 amb 5.000kg de terra f\u00e8rtil. Tota l\u2019escola ha participat a l\u2019hora de transportar i escampar la terra al seu lloc corresponent. Hem utilitzat carretons, galledes i pales d\u2019educaci\u00f3 infantil per fer-ho. Hem treballat en equip i hem aconseguit l\u2019objectiu passant-ho molt b\u00e9.\u00a0<\/span><\/p>\n<p><span style=\"font-weight: 400;\">Gr\u00e0cies a la nova terra i les tasques realitzades, les plantes del nostre hort creixeran m\u00e9s fortes i seran m\u00e9s productives.<\/span><\/p>\n<p>&nbsp;<\/p>\n<p><span style=\"font-weight: 400;\">A continuaci\u00f3 podeu veure un recull de fotografies de les diferents classes mentre realitzaven aquesta tasca de<a href=\"https:\/\/drive.google.com\/drive\/folders\/1febpbGnjlnybIyw5GxFBFIeD95cZa4C9?usp=sharing\"> jardineria<\/a><\/span><a href=\"https:\/\/drive.google.com\/drive\/folders\/1-eR5R7dwhQ2H12YOsfmRk1V8icFBSXmD?usp=sharing\"><span style=\"font-weight: 400;\">.<\/span><\/a><\/p>\n","protected":false},"excerpt":{"rendered":"<p>&nbsp;<br \/>\n<a href=\"https:\/\/agora.xtec.cat\/escolacampclar\/wp-content\/uploads\/usu687\/2021\/10\/HORT-ESCOLA-CAMPCLAR.jpg\"><\/a><br \/>\nEncetem la temporada del nostre hort escolar:\u00a0<br \/>\nL\u2019escola ha rebut un cami\u00f3 amb 5.000kg de terra f\u00e8rtil. Tota l\u2019escola ha participat a l\u2019hora de transportar i escampar la terra al seu lloc corresponent. Hem utilitzat carretons, galledes i pales d\u2019educaci\u00f3 infantil per fer-ho. Hem treballat&hellip;  <a href=\"https:\/\/agora.xtec.cat\/escolacampclar\/general\/hort-de-lescola\/\" title=\"Read HORT DE L&#8217;ESCOLA\">Llegeix m\u00e9s\u00bb<\/a><\/p>\n","protected":false},"author":14,"featured_media":3173,"comment_status":"open","ping_status":"closed","sticky":false,"template":"","format":"standard","meta":{"_bbp_topic_count":0,"_bbp_reply_count":0,"_bbp_total_topic_count":0,"_bbp_total_reply_count":0,"_bbp_voice_count":0,"_bbp_anonymous_reply_count":0,"_bbp_topic_count_hidden":0,"_bbp_reply_count_hidden":0,"_bbp_forum_subforum_count":0,"footnotes":""},"categories":[24,25,26,344,1,30],"tags":[34,36,37,63,48],"class_list":["post-3172","post","type-post","status-publish","format-standard","has-post-thumbnail","hentry","category-cicle-inicial","category-cicle-mitja","category-cicle-superior","category-escola-campclar","category-general","category-hort","tag-campclar","tag-cicle-inicial","tag-cicle-mitja-2","tag-cicle-superior","tag-hort-escolar"],"post_mailing_queue_ids":[],"_links":{"self":[{"href":"https:\/\/agora.xtec.cat\/escolacampclar\/wp-json\/wp\/v2\/posts\/3172","targetHints":{"allow":["GET"]}}],"collection":[{"href":"https:\/\/agora.xtec.cat\/escolacampclar\/wp-json\/wp\/v2\/posts"}],"about":[{"href":"https:\/\/agora.xtec.cat\/escolacampclar\/wp-json\/wp\/v2\/types\/post"}],"author":[{"embeddable":true,"href":"https:\/\/agora.xtec.cat\/escolacampclar\/wp-json\/wp\/v2\/users\/14"}],"replies":[{"embeddable":true,"href":"https:\/\/agora.xtec.cat\/escolacampclar\/wp-json\/wp\/v2\/comments?post=3172"}],"version-history":[{"count":1,"href":"https:\/\/agora.xtec.cat\/escolacampclar\/wp-json\/wp\/v2\/posts\/3172\/revisions"}],"predecessor-version":[{"id":3174,"href":"https:\/\/agora.xtec.cat\/escolacampclar\/wp-json\/wp\/v2\/posts\/3172\/revisions\/3174"}],"wp:featuredmedia":[{"embeddable":true,"href":"https:\/\/agora.xtec.cat\/escolacampclar\/wp-json\/wp\/v2\/media\/3173"}],"wp:attachment":[{"href":"https:\/\/agora.xtec.cat\/escolacampclar\/wp-json\/wp\/v2\/media?parent=3172"}],"wp:term":[{"taxonomy":"category","embeddable":true,"href":"https:\/\/agora.xtec.cat\/escolacampclar\/wp-json\/wp\/v2\/categories?post=3172"},{"taxonomy":"post_tag","embeddable":true,"href":"https:\/\/agora.xtec.cat\/escolacampclar\/wp-json\/wp\/v2\/tags?post=3172"}],"curies":[{"name":"wp","href":"https:\/\/api.w.org\/{rel}","templated":true}]}}