{"id":3149,"date":"2021-09-28T16:30:35","date_gmt":"2021-09-28T14:30:35","guid":{"rendered":"https:\/\/agora.xtec.cat\/escolacampclar\/?p=3149"},"modified":"2021-09-23T20:10:14","modified_gmt":"2021-09-23T18:10:14","slug":"comenca-un-nou-curs","status":"publish","type":"post","link":"https:\/\/agora.xtec.cat\/escolacampclar\/general\/comenca-un-nou-curs\/","title":{"rendered":"COMEN\u00c7A UN NOU CURS!"},"content":{"rendered":"<p><a href=\"https:\/\/agora.xtec.cat\/escolacampclar\/wp-content\/uploads\/usu687\/2021\/09\/COMENCA-UN-NOU-CURS.jpg\"><img loading=\"lazy\" decoding=\"async\" class=\" wp-image-3151 aligncenter\" src=\"https:\/\/agora.xtec.cat\/escolacampclar\/wp-content\/uploads\/usu687\/2021\/09\/COMENCA-UN-NOU-CURS-1024x768.jpg\" alt=\"\" width=\"531\" height=\"399\" srcset=\"https:\/\/agora.xtec.cat\/escolacampclar\/wp-content\/uploads\/usu687\/2021\/09\/COMENCA-UN-NOU-CURS-1024x768.jpg 1024w, https:\/\/agora.xtec.cat\/escolacampclar\/wp-content\/uploads\/usu687\/2021\/09\/COMENCA-UN-NOU-CURS-300x225.jpg 300w, https:\/\/agora.xtec.cat\/escolacampclar\/wp-content\/uploads\/usu687\/2021\/09\/COMENCA-UN-NOU-CURS-768x576.jpg 768w, https:\/\/agora.xtec.cat\/escolacampclar\/wp-content\/uploads\/usu687\/2021\/09\/COMENCA-UN-NOU-CURS-1536x1152.jpg 1536w, https:\/\/agora.xtec.cat\/escolacampclar\/wp-content\/uploads\/usu687\/2021\/09\/COMENCA-UN-NOU-CURS-2048x1536.jpg 2048w, https:\/\/agora.xtec.cat\/escolacampclar\/wp-content\/uploads\/usu687\/2021\/09\/COMENCA-UN-NOU-CURS-200x150.jpg 200w\" sizes=\"auto, (max-width: 531px) 100vw, 531px\" \/><\/a><\/p>\n<p>Comen\u00e7a un nou curs i estem molt il\u00b7lusionats i il\u00b7lusionades. Sota el lema &#8220;tot \u00e9s possible i ho podem aprendre&#8221; hem omplert el hall de l&#8217;escola amb els nostres prop\u00f2sits per aquest curs que acabem d&#8217;estrenar i que, de ben segur, ser\u00e0 un curs molt divertit on aprendrem moltes coses; farem amics i amigues, ens ajudarem, ens respectarem, ens estimarem i omplirem l&#8217;escola de rialles. Que comenci l&#8217;aventura!!!<\/p>\n<p>A continuaci\u00f3 es pot veure un recull de fotografies de les diferents <a href=\"https:\/\/drive.google.com\/drive\/folders\/1-eR5R7dwhQ2H12YOsfmRk1V8icFBSXmD?usp=sharing\">classes.<\/a><\/p>\n","protected":false},"excerpt":{"rendered":"<p><a href=\"https:\/\/agora.xtec.cat\/escolacampclar\/wp-content\/uploads\/usu687\/2021\/09\/COMENCA-UN-NOU-CURS.jpg\"><\/a><br \/>\nComen\u00e7a un nou curs i estem molt il\u00b7lusionats i il\u00b7lusionades. Sota el lema &#8220;tot \u00e9s possible i ho podem aprendre&#8221; hem omplert el hall de l&#8217;escola amb els nostres prop\u00f2sits per aquest curs que acabem d&#8217;estrenar i que, de ben segur, ser\u00e0 un curs&hellip;  <a href=\"https:\/\/agora.xtec.cat\/escolacampclar\/general\/comenca-un-nou-curs\/\" title=\"Read COMEN\u00c7A UN NOU CURS!\">Llegeix m\u00e9s\u00bb<\/a><\/p>\n","protected":false},"author":14,"featured_media":3151,"comment_status":"open","ping_status":"closed","sticky":false,"template":"","format":"standard","meta":{"_bbp_topic_count":0,"_bbp_reply_count":0,"_bbp_total_topic_count":0,"_bbp_total_reply_count":0,"_bbp_voice_count":0,"_bbp_anonymous_reply_count":0,"_bbp_topic_count_hidden":0,"_bbp_reply_count_hidden":0,"_bbp_forum_subforum_count":0,"footnotes":""},"categories":[24,25,26,344,1],"tags":[36,37,63,42,44],"class_list":["post-3149","post","type-post","status-publish","format-standard","has-post-thumbnail","hentry","category-cicle-inicial","category-cicle-mitja","category-cicle-superior","category-escola-campclar","category-general","tag-cicle-inicial","tag-cicle-mitja-2","tag-cicle-superior","tag-educacio-infantil-2","tag-escola-campclar"],"post_mailing_queue_ids":[],"_links":{"self":[{"href":"https:\/\/agora.xtec.cat\/escolacampclar\/wp-json\/wp\/v2\/posts\/3149","targetHints":{"allow":["GET"]}}],"collection":[{"href":"https:\/\/agora.xtec.cat\/escolacampclar\/wp-json\/wp\/v2\/posts"}],"about":[{"href":"https:\/\/agora.xtec.cat\/escolacampclar\/wp-json\/wp\/v2\/types\/post"}],"author":[{"embeddable":true,"href":"https:\/\/agora.xtec.cat\/escolacampclar\/wp-json\/wp\/v2\/users\/14"}],"replies":[{"embeddable":true,"href":"https:\/\/agora.xtec.cat\/escolacampclar\/wp-json\/wp\/v2\/comments?post=3149"}],"version-history":[{"count":2,"href":"https:\/\/agora.xtec.cat\/escolacampclar\/wp-json\/wp\/v2\/posts\/3149\/revisions"}],"predecessor-version":[{"id":3153,"href":"https:\/\/agora.xtec.cat\/escolacampclar\/wp-json\/wp\/v2\/posts\/3149\/revisions\/3153"}],"wp:featuredmedia":[{"embeddable":true,"href":"https:\/\/agora.xtec.cat\/escolacampclar\/wp-json\/wp\/v2\/media\/3151"}],"wp:attachment":[{"href":"https:\/\/agora.xtec.cat\/escolacampclar\/wp-json\/wp\/v2\/media?parent=3149"}],"wp:term":[{"taxonomy":"category","embeddable":true,"href":"https:\/\/agora.xtec.cat\/escolacampclar\/wp-json\/wp\/v2\/categories?post=3149"},{"taxonomy":"post_tag","embeddable":true,"href":"https:\/\/agora.xtec.cat\/escolacampclar\/wp-json\/wp\/v2\/tags?post=3149"}],"curies":[{"name":"wp","href":"https:\/\/api.w.org\/{rel}","templated":true}]}}