{"id":312,"date":"2010-12-16T19:56:53","date_gmt":"2010-12-16T18:56:53","guid":{"rendered":"http:\/\/blocs.xtec.cat\/campclar\/2010\/12\/16\/312\/"},"modified":"2010-12-16T19:56:53","modified_gmt":"2010-12-16T18:56:53","slug":"312","status":"publish","type":"post","link":"https:\/\/agora.xtec.cat\/escolacampclar\/general\/312\/","title":{"rendered":"Ens agrada l&#8217;escola (p-3)"},"content":{"rendered":"<p>Durant aquest trimestre els nens i les nenes de p-3 han comen\u00e7at una nova etapa (el segon cicle d&#8217;educaci\u00f3 infantil).<br \/>\nEls\/les nens\/nenes de 3 anys (molts encara de 2) que comencen el 2n. cicle de l&#8217;Educaci\u00f3 Infantil s&#8217;han adaptar a la separaci\u00f3 dels pares durant unes hores en un espai nou on troben unes persones desconegudes&#8230;<br \/>\n    L&#8217;adaptaci\u00f3 \u00e9s el proc\u00e9s a trav\u00e9s del qual aquest entorn i aquests adults esdevindran coneguts, i els trasmetran sentiments de seguretat, confian\u00e7a, familiaritat, etc. Es tracta d&#8217;un per\u00edode variable en cada cas. Cada infant necessita el seu temps per adaptar-se a l&#8217;escola. Alguns s&#8217;hi trobaran b\u00e9 de seguida, a altres els costar\u00e0 (unes setmanes -o incl\u00fas m\u00e9s-). En qualsevol cas forma part de la normalitat del proc\u00e9s.<br \/>\n     A mida que van passant els d\u00edes, la mainada es van adonant que les persones que estem a l&#8217;escola tamb\u00e9 els donem afecte, que estem pendents de les seves necessitats i les fem sentir segurs&#8230; Tamb\u00e9 van descobrint  que disfruten d&#8217;experi\u00e8ncies agradables i variades durant la jornada escolar: el joc pels racons, les can\u00e7ons, la magia dels contes i les sorpreses, els companys&#8230; I aix\u00ed, poc a poc aquells que ploraven deixen de fer-ho i poden esser els m\u00e9s entusiastes a l&#8217;hora de venir a l&#8217;escola.<br \/>\n    Tot aquest proc\u00e8s d&#8217;adaptaci\u00f3 els haur\u00e0 ajudat a madurar, a fer-se m\u00e9s grans i m\u00e9s aut\u00f2noms gaudint d&#8217;aquest nou ambient que els ofereix m\u00faltiples experi\u00e8ncies enriquidores.<br \/>\n     Tot seguit us deixem amb l&#8217;\u00e0lbum fotogr\u00e0fic del que ha estat el per\u00edode d&#8217;adaptaci\u00f3 de la classe de la Mulassa i la classe del Lle\u00f3.<\/p>\n<p><embed type=\"application\/x-shockwave-flash\" src=\"http:\/\/picasaweb.google.com\/s\/c\/bin\/slideshow.swf\" width=\"400\" height=\"267\" flashvars=\"host=picasaweb.google.com&amp;hl=es&amp;feat=flashalbum&amp;RGB=0x000000&amp;feed=http%3A%2F%2Fpicasaweb.google.com%2Fdata%2Ffeed%2Fapi%2Fuser%2Fomarti8%2Falbumid%2F5552320663228033809%3Falt%3Drss%26kind%3Dphoto%26hl%3Des\" pluginspage=\"http:\/\/www.macromedia.com\/go\/getflashplayer\"><\/embed><\/p>\n","protected":false},"excerpt":{"rendered":"<p>Durant aquest trimestre els nens i les nenes de p-3 han comen\u00e7at una nova etapa (el segon cicle d&#8217;educaci\u00f3 infantil).<br \/>\nEls\/les nens\/nenes de 3 anys (molts encara de 2) que comencen el 2n. cicle de l&#8217;Educaci\u00f3 Infantil s&#8217;han adaptar a la separaci\u00f3 dels pares durant unes&hellip;  <a href=\"https:\/\/agora.xtec.cat\/escolacampclar\/general\/312\/\" title=\"Read Ens agrada l&#8217;escola (p-3)\">Llegeix m\u00e9s\u00bb<\/a><\/p>\n","protected":false},"author":1,"featured_media":0,"comment_status":"open","ping_status":"open","sticky":false,"template":"","format":"standard","meta":{"_bbp_topic_count":0,"_bbp_reply_count":0,"_bbp_total_topic_count":0,"_bbp_total_reply_count":0,"_bbp_voice_count":0,"_bbp_anonymous_reply_count":0,"_bbp_topic_count_hidden":0,"_bbp_reply_count_hidden":0,"_bbp_forum_subforum_count":0,"footnotes":""},"categories":[1],"tags":[],"class_list":["post-312","post","type-post","status-publish","format-standard","hentry","category-general"],"post_mailing_queue_ids":[],"_links":{"self":[{"href":"https:\/\/agora.xtec.cat\/escolacampclar\/wp-json\/wp\/v2\/posts\/312","targetHints":{"allow":["GET"]}}],"collection":[{"href":"https:\/\/agora.xtec.cat\/escolacampclar\/wp-json\/wp\/v2\/posts"}],"about":[{"href":"https:\/\/agora.xtec.cat\/escolacampclar\/wp-json\/wp\/v2\/types\/post"}],"author":[{"embeddable":true,"href":"https:\/\/agora.xtec.cat\/escolacampclar\/wp-json\/wp\/v2\/users\/1"}],"replies":[{"embeddable":true,"href":"https:\/\/agora.xtec.cat\/escolacampclar\/wp-json\/wp\/v2\/comments?post=312"}],"version-history":[{"count":0,"href":"https:\/\/agora.xtec.cat\/escolacampclar\/wp-json\/wp\/v2\/posts\/312\/revisions"}],"wp:attachment":[{"href":"https:\/\/agora.xtec.cat\/escolacampclar\/wp-json\/wp\/v2\/media?parent=312"}],"wp:term":[{"taxonomy":"category","embeddable":true,"href":"https:\/\/agora.xtec.cat\/escolacampclar\/wp-json\/wp\/v2\/categories?post=312"},{"taxonomy":"post_tag","embeddable":true,"href":"https:\/\/agora.xtec.cat\/escolacampclar\/wp-json\/wp\/v2\/tags?post=312"}],"curies":[{"name":"wp","href":"https:\/\/api.w.org\/{rel}","templated":true}]}}