{"id":3110,"date":"2021-06-27T19:10:17","date_gmt":"2021-06-27T17:10:17","guid":{"rendered":"http:\/\/agora.xtec.cat\/escolacampclar\/?p=3110"},"modified":"2021-06-27T19:12:48","modified_gmt":"2021-06-27T17:12:48","slug":"comiat-de-6e","status":"publish","type":"post","link":"https:\/\/agora.xtec.cat\/escolacampclar\/general\/comiat-de-6e\/","title":{"rendered":"Comiat de 6\u00e8"},"content":{"rendered":"<p><span style=\"font-weight: 400;\">El 21 de juny vam celebrar el comiat de l\u2019alumnat de 6\u00e8. Un comiat molt especial, despr\u00e9s d\u2019un curs at\u00edpic, estrany, intens i molt diferent\u00a0 al que estem acostumats. Ha estat un curs ple de reptes, d\u2019incerteses incl\u00fas de pors, per\u00f2 l\u2019hem superat i amb molt bona nota.\u00a0<\/span><\/p>\n<p><span style=\"font-weight: 400;\">Aquesta aventura que molts van iniciar amb nom\u00e9s 3 anys a l\u2019escola s\u2019acaba&#8230;. Alguns companys i companyes han anat marxant i d\u2019altres s\u2019han anat incorporant, fins i tot aquest darrer curs.<\/span><\/p>\n<p><span style=\"font-weight: 400;\">Ara toca canviar de cam\u00ed, d\u2019escenari, de profes, de companys\u2026., per\u00f2 no cal patir, l\u2019escola segueix a la vora, acompanyant . Continueu el cam\u00ed tenint confian\u00e7a amb vosaltres mateixos, sent responsables, seguiu els vostres somnis i , sobretot, no deixeu mai de ser feli\u00e7os. GR\u00c0CIES de tot cor, per deixar-nos formar part del vostre cam\u00ed. QUE TOT US VAGI B\u00c9 I MOLTA SORT !!.<\/span><\/p>\n<p><span style=\"font-weight: 400;\">Va ser una tarda especial, m\u00e0gica, emotiva, i la vam poder compartir plegats: alumnes, fam\u00edlies, mestres. Aqu\u00ed teniu un tastet del comiat.<\/span><\/p>\n<p><a href=\"https:\/\/drive.google.com\/drive\/folders\/1-p0vcx6ak7tddyREsr5K7F1PRGs9BcFS?usp=sharing\">CLICA AQU\u00cd SI VOLS VEURE LES FOTOS<\/a><\/p>\n<p><iframe loading=\"lazy\" src=\"https:\/\/drive.google.com\/file\/d\/1-VpW-JXpAYbg2GI5m7kclafld564F7G7\/preview\" width=\"640\" height=\"480\"><\/iframe><\/p>\n<p><iframe loading=\"lazy\" src=\"https:\/\/drive.google.com\/file\/d\/1reAKoA6OZxJkaUBKdcPd_nsZSbT2ARqM\/preview\" width=\"640\" height=\"480\"><\/iframe><\/p>\n","protected":false},"excerpt":{"rendered":"<p>El 21 de juny vam celebrar el comiat de l\u2019alumnat de 6\u00e8. Un comiat molt especial, despr\u00e9s d\u2019un curs at\u00edpic, estrany, intens i molt diferent\u00a0 al que estem acostumats. Ha estat un curs ple de reptes, d\u2019incerteses incl\u00fas de pors, per\u00f2 l\u2019hem superat i amb&hellip;  <a href=\"https:\/\/agora.xtec.cat\/escolacampclar\/general\/comiat-de-6e\/\" title=\"Read Comiat de 6\u00e8\">Llegeix m\u00e9s\u00bb<\/a><\/p>\n","protected":false},"author":14,"featured_media":3113,"comment_status":"open","ping_status":"closed","sticky":false,"template":"","format":"standard","meta":{"_bbp_topic_count":0,"_bbp_reply_count":0,"_bbp_total_topic_count":0,"_bbp_total_reply_count":0,"_bbp_voice_count":0,"_bbp_anonymous_reply_count":0,"_bbp_topic_count_hidden":0,"_bbp_reply_count_hidden":0,"_bbp_forum_subforum_count":0,"footnotes":""},"categories":[1],"tags":[210,44,300],"class_list":["post-3110","post","type-post","status-publish","format-standard","has-post-thumbnail","hentry","category-general","tag-comiat","tag-escola-campclar","tag-festa"],"post_mailing_queue_ids":[],"_links":{"self":[{"href":"https:\/\/agora.xtec.cat\/escolacampclar\/wp-json\/wp\/v2\/posts\/3110","targetHints":{"allow":["GET"]}}],"collection":[{"href":"https:\/\/agora.xtec.cat\/escolacampclar\/wp-json\/wp\/v2\/posts"}],"about":[{"href":"https:\/\/agora.xtec.cat\/escolacampclar\/wp-json\/wp\/v2\/types\/post"}],"author":[{"embeddable":true,"href":"https:\/\/agora.xtec.cat\/escolacampclar\/wp-json\/wp\/v2\/users\/14"}],"replies":[{"embeddable":true,"href":"https:\/\/agora.xtec.cat\/escolacampclar\/wp-json\/wp\/v2\/comments?post=3110"}],"version-history":[{"count":1,"href":"https:\/\/agora.xtec.cat\/escolacampclar\/wp-json\/wp\/v2\/posts\/3110\/revisions"}],"predecessor-version":[{"id":3112,"href":"https:\/\/agora.xtec.cat\/escolacampclar\/wp-json\/wp\/v2\/posts\/3110\/revisions\/3112"}],"wp:featuredmedia":[{"embeddable":true,"href":"https:\/\/agora.xtec.cat\/escolacampclar\/wp-json\/wp\/v2\/media\/3113"}],"wp:attachment":[{"href":"https:\/\/agora.xtec.cat\/escolacampclar\/wp-json\/wp\/v2\/media?parent=3110"}],"wp:term":[{"taxonomy":"category","embeddable":true,"href":"https:\/\/agora.xtec.cat\/escolacampclar\/wp-json\/wp\/v2\/categories?post=3110"},{"taxonomy":"post_tag","embeddable":true,"href":"https:\/\/agora.xtec.cat\/escolacampclar\/wp-json\/wp\/v2\/tags?post=3110"}],"curies":[{"name":"wp","href":"https:\/\/api.w.org\/{rel}","templated":true}]}}