{"id":3097,"date":"2021-06-21T19:13:57","date_gmt":"2021-06-21T17:13:57","guid":{"rendered":"http:\/\/agora.xtec.cat\/escolacampclar\/?p=3097"},"modified":"2021-06-21T19:17:18","modified_gmt":"2021-06-21T17:17:18","slug":"fem-aquarelles-a-p3","status":"publish","type":"post","link":"https:\/\/agora.xtec.cat\/escolacampclar\/general\/fem-aquarelles-a-p3\/","title":{"rendered":"Fem aquarel\u00b7les a P3"},"content":{"rendered":"<p>Els nens de P3, aquests dies de tanta calor hem estat fent activitats educatives de manipulaci\u00f3 i experimentaci\u00f3 (activitats amb aigua, pintura amb bombolles de sab\u00f3, activitats pl\u00e0stiques, etc&#8230;)<br \/>\nEl dibuix lliure i la pintura amb aquarel\u00b7les \u00e9s una activitat que ens ha agradat molt i el resultat segur que us agrada a vosaltres tamb\u00e9. Mira el seg\u00fcent v\u00eddeo:<\/p>\n<p><iframe loading=\"lazy\" src=\"https:\/\/drive.google.com\/file\/d\/1u-Ga1aO5IwbsLgGJLAW07AmdnCG4nvKT\/preview\" width=\"320\" height=\"240\"><\/iframe><\/p>\n","protected":false},"excerpt":{"rendered":"<p>Els nens de P3, aquests dies de tanta calor hem estat fent activitats educatives de manipulaci\u00f3 i experimentaci\u00f3 (activitats amb aigua, pintura amb bombolles de sab\u00f3, activitats pl\u00e0stiques, etc&#8230;)<br \/>\nEl dibuix lliure i la pintura amb aquarel\u00b7les \u00e9s una activitat que ens ha agradat molt i&hellip;  <a href=\"https:\/\/agora.xtec.cat\/escolacampclar\/general\/fem-aquarelles-a-p3\/\" title=\"Read Fem aquarel\u00b7les a P3\">Llegeix m\u00e9s\u00bb<\/a><\/p>\n","protected":false},"author":14,"featured_media":3099,"comment_status":"open","ping_status":"closed","sticky":false,"template":"","format":"standard","meta":{"_bbp_topic_count":0,"_bbp_reply_count":0,"_bbp_total_topic_count":0,"_bbp_total_reply_count":0,"_bbp_voice_count":0,"_bbp_anonymous_reply_count":0,"_bbp_topic_count_hidden":0,"_bbp_reply_count_hidden":0,"_bbp_forum_subforum_count":0,"footnotes":""},"categories":[345,59,344,1],"tags":[34,44,98,17],"class_list":["post-3097","post","type-post","status-publish","format-standard","has-post-thumbnail","hentry","category-campclar","category-infantil","category-escola-campclar","category-general","tag-campclar","tag-escola-campclar","tag-infantil","tag-plastica"],"post_mailing_queue_ids":[],"_links":{"self":[{"href":"https:\/\/agora.xtec.cat\/escolacampclar\/wp-json\/wp\/v2\/posts\/3097","targetHints":{"allow":["GET"]}}],"collection":[{"href":"https:\/\/agora.xtec.cat\/escolacampclar\/wp-json\/wp\/v2\/posts"}],"about":[{"href":"https:\/\/agora.xtec.cat\/escolacampclar\/wp-json\/wp\/v2\/types\/post"}],"author":[{"embeddable":true,"href":"https:\/\/agora.xtec.cat\/escolacampclar\/wp-json\/wp\/v2\/users\/14"}],"replies":[{"embeddable":true,"href":"https:\/\/agora.xtec.cat\/escolacampclar\/wp-json\/wp\/v2\/comments?post=3097"}],"version-history":[{"count":3,"href":"https:\/\/agora.xtec.cat\/escolacampclar\/wp-json\/wp\/v2\/posts\/3097\/revisions"}],"predecessor-version":[{"id":3101,"href":"https:\/\/agora.xtec.cat\/escolacampclar\/wp-json\/wp\/v2\/posts\/3097\/revisions\/3101"}],"wp:featuredmedia":[{"embeddable":true,"href":"https:\/\/agora.xtec.cat\/escolacampclar\/wp-json\/wp\/v2\/media\/3099"}],"wp:attachment":[{"href":"https:\/\/agora.xtec.cat\/escolacampclar\/wp-json\/wp\/v2\/media?parent=3097"}],"wp:term":[{"taxonomy":"category","embeddable":true,"href":"https:\/\/agora.xtec.cat\/escolacampclar\/wp-json\/wp\/v2\/categories?post=3097"},{"taxonomy":"post_tag","embeddable":true,"href":"https:\/\/agora.xtec.cat\/escolacampclar\/wp-json\/wp\/v2\/tags?post=3097"}],"curies":[{"name":"wp","href":"https:\/\/api.w.org\/{rel}","templated":true}]}}