{"id":3080,"date":"2021-06-14T19:11:25","date_gmt":"2021-06-14T17:11:25","guid":{"rendered":"http:\/\/agora.xtec.cat\/escolacampclar\/?p=3080"},"modified":"2021-06-14T19:19:24","modified_gmt":"2021-06-14T17:19:24","slug":"sortida-al-pont-del-diable-2","status":"publish","type":"post","link":"https:\/\/agora.xtec.cat\/escolacampclar\/general\/sortida-al-pont-del-diable-2\/","title":{"rendered":"Sortida al Pont del Diable."},"content":{"rendered":"<p><span style=\"font-weight: 400;\">El dia 28 de maig els alumnes de P-5 v\u00e0rem realitzar una sortida al Parc ecohist\u00f2ric del Pont del Diable. Aq\u00fceducte de les Ferreres. Aqu\u00ed teniu una mostra d\u2019algunes de les activitats fetes. Feu click al seg\u00fcent v\u00eddeo:<\/span><\/p>\n<p><iframe loading=\"lazy\" src=\"https:\/\/drive.google.com\/file\/d\/143tM2W_kIUzQ3-lZYYTHU8HSMXjB3-dX\/preview\" width=\"480\" height=\"360\"><\/iframe><\/p>\n","protected":false},"excerpt":{"rendered":"<p>El dia 28 de maig els alumnes de P-5 v\u00e0rem realitzar una sortida al Parc ecohist\u00f2ric del Pont del Diable. Aq\u00fceducte de les Ferreres. Aqu\u00ed teniu una mostra d\u2019algunes de les activitats fetes. Feu click al seg\u00fcent v\u00eddeo:<\/p>\n","protected":false},"author":14,"featured_media":3081,"comment_status":"open","ping_status":"closed","sticky":false,"template":"","format":"standard","meta":{"_bbp_topic_count":0,"_bbp_reply_count":0,"_bbp_total_topic_count":0,"_bbp_total_reply_count":0,"_bbp_voice_count":0,"_bbp_anonymous_reply_count":0,"_bbp_topic_count_hidden":0,"_bbp_reply_count_hidden":0,"_bbp_forum_subforum_count":0,"footnotes":""},"categories":[345,59,344,1],"tags":[34,42,43,44,98,68,16,55,222],"class_list":["post-3080","post","type-post","status-publish","format-standard","has-post-thumbnail","hentry","category-campclar","category-infantil","category-escola-campclar","category-general","tag-campclar","tag-educacio-infantil-2","tag-escola","tag-escola-campclar","tag-infantil","tag-sortida","tag-sortides","tag-tarragona","tag-tradicions"],"post_mailing_queue_ids":[],"_links":{"self":[{"href":"https:\/\/agora.xtec.cat\/escolacampclar\/wp-json\/wp\/v2\/posts\/3080","targetHints":{"allow":["GET"]}}],"collection":[{"href":"https:\/\/agora.xtec.cat\/escolacampclar\/wp-json\/wp\/v2\/posts"}],"about":[{"href":"https:\/\/agora.xtec.cat\/escolacampclar\/wp-json\/wp\/v2\/types\/post"}],"author":[{"embeddable":true,"href":"https:\/\/agora.xtec.cat\/escolacampclar\/wp-json\/wp\/v2\/users\/14"}],"replies":[{"embeddable":true,"href":"https:\/\/agora.xtec.cat\/escolacampclar\/wp-json\/wp\/v2\/comments?post=3080"}],"version-history":[{"count":3,"href":"https:\/\/agora.xtec.cat\/escolacampclar\/wp-json\/wp\/v2\/posts\/3080\/revisions"}],"predecessor-version":[{"id":3086,"href":"https:\/\/agora.xtec.cat\/escolacampclar\/wp-json\/wp\/v2\/posts\/3080\/revisions\/3086"}],"wp:featuredmedia":[{"embeddable":true,"href":"https:\/\/agora.xtec.cat\/escolacampclar\/wp-json\/wp\/v2\/media\/3081"}],"wp:attachment":[{"href":"https:\/\/agora.xtec.cat\/escolacampclar\/wp-json\/wp\/v2\/media?parent=3080"}],"wp:term":[{"taxonomy":"category","embeddable":true,"href":"https:\/\/agora.xtec.cat\/escolacampclar\/wp-json\/wp\/v2\/categories?post=3080"},{"taxonomy":"post_tag","embeddable":true,"href":"https:\/\/agora.xtec.cat\/escolacampclar\/wp-json\/wp\/v2\/tags?post=3080"}],"curies":[{"name":"wp","href":"https:\/\/api.w.org\/{rel}","templated":true}]}}