{"id":3078,"date":"2021-06-07T13:51:06","date_gmt":"2021-06-07T11:51:06","guid":{"rendered":"http:\/\/agora.xtec.cat\/escolacampclar\/?p=3078"},"modified":"2021-06-07T13:51:06","modified_gmt":"2021-06-07T11:51:06","slug":"llistat-dalumnat-assignat-en-primera-opcio","status":"publish","type":"post","link":"https:\/\/agora.xtec.cat\/escolacampclar\/general\/llistat-dalumnat-assignat-en-primera-opcio\/","title":{"rendered":"Llistat d&#8217;alumnat assignat en primera opci\u00f3"},"content":{"rendered":"<p>Clicant als seg\u00fcents enlla\u00e7os podeu veure les llistes de la preinscripci\u00f3 del curs 2021-22 ordenades i la llista d&#8217;espera.<\/p>\n<p><strong>Llista d\u2019alumnat assignat al centre en primera opci\u00f3\u00a0<\/strong><\/p>\n<p><a class=\"aQy aZr e\" tabindex=\"0\" role=\"link\" href=\"https:\/\/mail.google.com\/mail\/u\/0?ui=2&amp;ik=abb868b295&amp;attid=0.2&amp;permmsgid=msg-f:1701898214528068563&amp;th=179e5b68b8d12bd3&amp;view=att&amp;disp=inline&amp;realattid=f_kpmdzi9w1\" target=\"_blank\" rel=\"noopener noreferrer\" data-tooltip-align=\"t,c\" data-tooltip-class=\"a1V\"><span id=\":rh\" class=\"a3I\">Previsualitza el fitxer adjunt INFORME_PREINSCRITES_OME_INFORME_PREINSCRITES_OME.pdf<\/span><\/a><\/p>\n<div aria-hidden=\"true\">\n<div class=\"aSG\"><\/div>\n<div class=\"aVY aZn\">\n<div class=\"aZm\"><\/div>\n<\/div>\n<div class=\"aSH\"><img decoding=\"async\" id=\":ra\" class=\"aQG aYB\" src=\"https:\/\/mail.google.com\/mail\/u\/0?ui=2&amp;ik=abb868b295&amp;attid=0.2&amp;permmsgid=msg-f:1701898214528068563&amp;th=179e5b68b8d12bd3&amp;view=snatt&amp;realattid=f_kpmdzi9w1&amp;disp=thd&amp;safe=1\" \/><\/p>\n<div id=\":rc\" class=\"aYv\"><img decoding=\"async\" class=\"aYw aZB\" src=\"https:\/\/ssl.gstatic.com\/ui\/v1\/icons\/mail\/images\/cleardot.gif\" \/><\/div>\n<div id=\":rg\" class=\"aYy\">\n<div class=\"aYA\"><img decoding=\"async\" id=\":re\" class=\"aSM\" title=\"PDF\" src=\"https:\/\/ssl.gstatic.com\/docs\/doclist\/images\/mediatype\/icon_3_pdf_x16.png\" \/><\/div>\n<div class=\"aYz\">\n<div class=\"a12\">\n<div class=\"aQA\"><span id=\":rd\" class=\"aV3 zzV0ie\">INFORME_PREINSCRITES_OME_INFORME_PREINSCRITES_OME.pdf<\/span><\/div>\n<div class=\"aYp\"><span id=\":rf\" class=\"SaH2Ve\">55 KB<\/span><\/div>\n<\/div>\n<\/div>\n<\/div>\n<\/div>\n<div class=\"aSI\">\n<div id=\":rb\" class=\"aSJ\"><\/div>\n<\/div>\n<\/div>\n<p><strong>Llista d\u2019alumnat en llista d\u2019espera\u00a0<\/strong><\/p>\n<p><a class=\"aQy aZr e\" tabindex=\"0\" role=\"link\" href=\"https:\/\/mail.google.com\/mail\/u\/0?ui=2&amp;ik=abb868b295&amp;attid=0.1&amp;permmsgid=msg-f:1701898214528068563&amp;th=179e5b68b8d12bd3&amp;view=att&amp;disp=inline&amp;realattid=f_kpmdzez20\" target=\"_blank\" rel=\"noopener noreferrer\" data-tooltip-align=\"t,c\" data-tooltip-class=\"a1V\"><span id=\":q5\" class=\"a3I\">Previsualitza el fitxer adjunt INFORME_LLISTA_ESPERA_OME_LLISTA_ESPERA(1).pdf<\/span><\/a><\/p>\n<div aria-hidden=\"true\">\n<div class=\"aSG\"><\/div>\n<div class=\"aVY aZn\">\n<div class=\"aZm\"><\/div>\n<\/div>\n<div class=\"aSH\"><img decoding=\"async\" id=\":py\" class=\"aQG aYB\" src=\"https:\/\/mail.google.com\/mail\/u\/0?ui=2&amp;ik=abb868b295&amp;attid=0.1&amp;permmsgid=msg-f:1701898214528068563&amp;th=179e5b68b8d12bd3&amp;view=snatt&amp;realattid=f_kpmdzez20&amp;disp=thd&amp;safe=1\" \/><\/p>\n<div id=\":q0\" class=\"aYv\"><img decoding=\"async\" class=\"aYw aZB\" src=\"https:\/\/ssl.gstatic.com\/ui\/v1\/icons\/mail\/images\/cleardot.gif\" \/><\/div>\n<div id=\":q4\" class=\"aYy\">\n<div class=\"aYA\"><img decoding=\"async\" id=\":q2\" class=\"aSM\" title=\"PDF\" src=\"https:\/\/ssl.gstatic.com\/docs\/doclist\/images\/mediatype\/icon_3_pdf_x16.png\" \/><\/div>\n<div class=\"aYz\">\n<div class=\"a12\">\n<div class=\"aQA\"><span id=\":q1\" class=\"aV3 zzV0ie\">INFORME_LLISTA_ESPERA_OME_LLISTA_ESPERA(1).pdf<\/span><\/div>\n<div class=\"aYp\"><span id=\":q3\" class=\"SaH2Ve\">54 KB<\/span><\/div>\n<\/div>\n<\/div>\n<\/div>\n<\/div>\n<div class=\"aSI\">\n<div id=\":pz\" class=\"aSJ\"><\/div>\n<\/div>\n<\/div>\n<p>&nbsp;<\/p>\n","protected":false},"excerpt":{"rendered":"<p>Clicant als seg\u00fcents enlla\u00e7os podeu veure les llistes de la preinscripci\u00f3 del curs 2021-22 ordenades i la llista d&#8217;espera.<br \/>\nLlista d\u2019alumnat assignat al centre en primera opci\u00f3\u00a0<br \/>\n<a class=\"aQy aZr e\" tabindex=\"0\" role=\"link\" href=\"https:\/\/mail.google.com\/mail\/u\/0?ui=2&amp;ik=abb868b295&amp;attid=0.2&amp;permmsgid=msg-f:1701898214528068563&amp;th=179e5b68b8d12bd3&amp;view=att&amp;disp=inline&amp;realattid=f_kpmdzi9w1\" target=\"_blank\" rel=\"noopener noreferrer\" data-tooltip-align=\"t,c\" data-tooltip-class=\"a1V\">Previsualitza el fitxer adjunt INFORME_PREINSCRITES_OME_INFORME_PREINSCRITES_OME.pdf<\/a><\/p>\n<p>INFORME_PREINSCRITES_OME_INFORME_PREINSCRITES_OME.pdf<br \/>\n55 KB<\/p>\n<p>Llista d\u2019alumnat en llista&hellip;  <a href=\"https:\/\/agora.xtec.cat\/escolacampclar\/general\/llistat-dalumnat-assignat-en-primera-opcio\/\" title=\"Read Llistat d&#8217;alumnat assignat en primera opci\u00f3\">Llegeix m\u00e9s\u00bb<\/a><\/p>\n","protected":false},"author":14,"featured_media":0,"comment_status":"open","ping_status":"closed","sticky":false,"template":"","format":"standard","meta":{"_bbp_topic_count":0,"_bbp_reply_count":0,"_bbp_total_topic_count":0,"_bbp_total_reply_count":0,"_bbp_voice_count":0,"_bbp_anonymous_reply_count":0,"_bbp_topic_count_hidden":0,"_bbp_reply_count_hidden":0,"_bbp_forum_subforum_count":0,"footnotes":""},"categories":[1],"tags":[],"class_list":["post-3078","post","type-post","status-publish","format-standard","hentry","category-general"],"post_mailing_queue_ids":[],"_links":{"self":[{"href":"https:\/\/agora.xtec.cat\/escolacampclar\/wp-json\/wp\/v2\/posts\/3078","targetHints":{"allow":["GET"]}}],"collection":[{"href":"https:\/\/agora.xtec.cat\/escolacampclar\/wp-json\/wp\/v2\/posts"}],"about":[{"href":"https:\/\/agora.xtec.cat\/escolacampclar\/wp-json\/wp\/v2\/types\/post"}],"author":[{"embeddable":true,"href":"https:\/\/agora.xtec.cat\/escolacampclar\/wp-json\/wp\/v2\/users\/14"}],"replies":[{"embeddable":true,"href":"https:\/\/agora.xtec.cat\/escolacampclar\/wp-json\/wp\/v2\/comments?post=3078"}],"version-history":[{"count":1,"href":"https:\/\/agora.xtec.cat\/escolacampclar\/wp-json\/wp\/v2\/posts\/3078\/revisions"}],"predecessor-version":[{"id":3079,"href":"https:\/\/agora.xtec.cat\/escolacampclar\/wp-json\/wp\/v2\/posts\/3078\/revisions\/3079"}],"wp:attachment":[{"href":"https:\/\/agora.xtec.cat\/escolacampclar\/wp-json\/wp\/v2\/media?parent=3078"}],"wp:term":[{"taxonomy":"category","embeddable":true,"href":"https:\/\/agora.xtec.cat\/escolacampclar\/wp-json\/wp\/v2\/categories?post=3078"},{"taxonomy":"post_tag","embeddable":true,"href":"https:\/\/agora.xtec.cat\/escolacampclar\/wp-json\/wp\/v2\/tags?post=3078"}],"curies":[{"name":"wp","href":"https:\/\/api.w.org\/{rel}","templated":true}]}}