{"id":3075,"date":"2021-06-04T16:04:35","date_gmt":"2021-06-04T14:04:35","guid":{"rendered":"http:\/\/agora.xtec.cat\/escolacampclar\/?p=3075"},"modified":"2021-06-04T16:04:35","modified_gmt":"2021-06-04T14:04:35","slug":"medutarraco-covid-edition","status":"publish","type":"post","link":"https:\/\/agora.xtec.cat\/escolacampclar\/general\/medutarraco-covid-edition\/","title":{"rendered":"mEduTarraco Covid Edition"},"content":{"rendered":"<p>Un any m\u00e9s hem volgut participar d&#8217;una nova edici\u00f3 de mEduTarraco, aquest curs en una versi\u00f3 adaptada a la situaci\u00f3 especial que vivim.<\/p>\n<p>Com \u00e9s habitual, els alumnes de 5\u00e8 han recorregut els carrers de Tarragona equipats de tauletes amb l&#8217;objectiu de trobar els punts m\u00e9s emblem\u00e0tics de la ciutat gr\u00e0cies a l&#8217;App Mobile History Map. Un cop al lloc indicat, hem provat de respondre el m\u00e0xim nombre de les preguntes que els organitzadors havien preparat.<\/p>\n<p>El sol fet de poder rec\u00f3rrer els carrers de la ciutat, dinar a l&#8217;ombra d&#8217;un arbre al parc i agafar el bus de l\u00ednia per tornar a l&#8217;escola, resulta una experi\u00e8ncia inoblidable per als nostres alumnes. Segur que hi tornem!<\/p>\n<p><a href=\"https:\/\/drive.google.com\/drive\/folders\/10ZI-1706Z396WS9xgcYgZRZ25OcbTLib?usp=sharing\">RECULL D&#8217;IMATGES DE LA JORNADA<\/a><\/p>\n","protected":false},"excerpt":{"rendered":"<p>Un any m\u00e9s hem volgut participar d&#8217;una nova edici\u00f3 de mEduTarraco, aquest curs en una versi\u00f3 adaptada a la situaci\u00f3 especial que vivim.<br \/>\nCom \u00e9s habitual, els alumnes de 5\u00e8 han recorregut els carrers de Tarragona equipats de tauletes amb l&#8217;objectiu de trobar els punts m\u00e9s&hellip;  <a href=\"https:\/\/agora.xtec.cat\/escolacampclar\/general\/medutarraco-covid-edition\/\" title=\"Read mEduTarraco Covid Edition\">Llegeix m\u00e9s\u00bb<\/a><\/p>\n","protected":false},"author":14,"featured_media":3076,"comment_status":"open","ping_status":"closed","sticky":false,"template":"","format":"standard","meta":{"_bbp_topic_count":0,"_bbp_reply_count":0,"_bbp_total_topic_count":0,"_bbp_total_reply_count":0,"_bbp_voice_count":0,"_bbp_anonymous_reply_count":0,"_bbp_topic_count_hidden":0,"_bbp_reply_count_hidden":0,"_bbp_forum_subforum_count":0,"footnotes":""},"categories":[1],"tags":[387,388,55],"class_list":["post-3075","post","type-post","status-publish","format-standard","has-post-thumbnail","hentry","category-general","tag-medutarraco-covid-edition","tag-mhm","tag-tarragona"],"post_mailing_queue_ids":[],"_links":{"self":[{"href":"https:\/\/agora.xtec.cat\/escolacampclar\/wp-json\/wp\/v2\/posts\/3075","targetHints":{"allow":["GET"]}}],"collection":[{"href":"https:\/\/agora.xtec.cat\/escolacampclar\/wp-json\/wp\/v2\/posts"}],"about":[{"href":"https:\/\/agora.xtec.cat\/escolacampclar\/wp-json\/wp\/v2\/types\/post"}],"author":[{"embeddable":true,"href":"https:\/\/agora.xtec.cat\/escolacampclar\/wp-json\/wp\/v2\/users\/14"}],"replies":[{"embeddable":true,"href":"https:\/\/agora.xtec.cat\/escolacampclar\/wp-json\/wp\/v2\/comments?post=3075"}],"version-history":[{"count":1,"href":"https:\/\/agora.xtec.cat\/escolacampclar\/wp-json\/wp\/v2\/posts\/3075\/revisions"}],"predecessor-version":[{"id":3077,"href":"https:\/\/agora.xtec.cat\/escolacampclar\/wp-json\/wp\/v2\/posts\/3075\/revisions\/3077"}],"wp:featuredmedia":[{"embeddable":true,"href":"https:\/\/agora.xtec.cat\/escolacampclar\/wp-json\/wp\/v2\/media\/3076"}],"wp:attachment":[{"href":"https:\/\/agora.xtec.cat\/escolacampclar\/wp-json\/wp\/v2\/media?parent=3075"}],"wp:term":[{"taxonomy":"category","embeddable":true,"href":"https:\/\/agora.xtec.cat\/escolacampclar\/wp-json\/wp\/v2\/categories?post=3075"},{"taxonomy":"post_tag","embeddable":true,"href":"https:\/\/agora.xtec.cat\/escolacampclar\/wp-json\/wp\/v2\/tags?post=3075"}],"curies":[{"name":"wp","href":"https:\/\/api.w.org\/{rel}","templated":true}]}}