{"id":3061,"date":"2021-05-19T23:42:42","date_gmt":"2021-05-19T21:42:42","guid":{"rendered":"http:\/\/agora.xtec.cat\/escolacampclar\/?p=3061"},"modified":"2021-05-19T23:45:27","modified_gmt":"2021-05-19T21:45:27","slug":"la-guardia-urbana-a-p5","status":"publish","type":"post","link":"https:\/\/agora.xtec.cat\/escolacampclar\/general\/la-guardia-urbana-a-p5\/","title":{"rendered":"La Gu\u00e0rdia Urbana a P5"},"content":{"rendered":"<p>La Gu\u00e0rdia Urbana ens ha vingut a visitar. Ha estat una experi\u00e8cia molt divertida, sobre tot quan f\u00e8iem sonar les sirenes. Mira el <a href=\"https:\/\/drive.google.com\/file\/d\/1ZR_NroGIdLrICZsSALqRjAeKGHegauVz\/view?usp=sharing\">v\u00eddeo aqu\u00ed<\/a>&#8230;<\/p>\n<p><iframe loading=\"lazy\" src=\"https:\/\/drive.google.com\/file\/d\/1ZR_NroGIdLrICZsSALqRjAeKGHegauVz\/preview\" width=\"320\" height=\"240\"><span data-mce-type=\"bookmark\" style=\"display: inline-block; width: 0px; overflow: hidden; line-height: 0;\" class=\"mce_SELRES_start\">\ufeff<\/span><span data-mce-type=\"bookmark\" style=\"display: inline-block; width: 0px; overflow: hidden; line-height: 0;\" class=\"mce_SELRES_start\">\ufeff<\/span><span data-mce-type=\"bookmark\" style=\"display: inline-block; width: 0px; overflow: hidden; line-height: 0;\" class=\"mce_SELRES_start\">\ufeff<\/span><\/iframe><\/p>\n","protected":false},"excerpt":{"rendered":"<p>La Gu\u00e0rdia Urbana ens ha vingut a visitar. Ha estat una experi\u00e8cia molt divertida, sobre tot quan f\u00e8iem sonar les sirenes. Mira el <a href=\"https:\/\/drive.google.com\/file\/d\/1ZR_NroGIdLrICZsSALqRjAeKGHegauVz\/view?usp=sharing\">v\u00eddeo aqu\u00ed<\/a>&#8230;<br \/>\n\ufeff\ufeff\ufeff<\/p>\n","protected":false},"author":14,"featured_media":3062,"comment_status":"open","ping_status":"closed","sticky":false,"template":"","format":"standard","meta":{"_bbp_topic_count":0,"_bbp_reply_count":0,"_bbp_total_topic_count":0,"_bbp_total_reply_count":0,"_bbp_voice_count":0,"_bbp_anonymous_reply_count":0,"_bbp_topic_count_hidden":0,"_bbp_reply_count_hidden":0,"_bbp_forum_subforum_count":0,"footnotes":""},"categories":[345,59,344,1],"tags":[34,43,44,98,55],"class_list":["post-3061","post","type-post","status-publish","format-standard","has-post-thumbnail","hentry","category-campclar","category-infantil","category-escola-campclar","category-general","tag-campclar","tag-escola","tag-escola-campclar","tag-infantil","tag-tarragona"],"post_mailing_queue_ids":[],"_links":{"self":[{"href":"https:\/\/agora.xtec.cat\/escolacampclar\/wp-json\/wp\/v2\/posts\/3061","targetHints":{"allow":["GET"]}}],"collection":[{"href":"https:\/\/agora.xtec.cat\/escolacampclar\/wp-json\/wp\/v2\/posts"}],"about":[{"href":"https:\/\/agora.xtec.cat\/escolacampclar\/wp-json\/wp\/v2\/types\/post"}],"author":[{"embeddable":true,"href":"https:\/\/agora.xtec.cat\/escolacampclar\/wp-json\/wp\/v2\/users\/14"}],"replies":[{"embeddable":true,"href":"https:\/\/agora.xtec.cat\/escolacampclar\/wp-json\/wp\/v2\/comments?post=3061"}],"version-history":[{"count":3,"href":"https:\/\/agora.xtec.cat\/escolacampclar\/wp-json\/wp\/v2\/posts\/3061\/revisions"}],"predecessor-version":[{"id":3070,"href":"https:\/\/agora.xtec.cat\/escolacampclar\/wp-json\/wp\/v2\/posts\/3061\/revisions\/3070"}],"wp:featuredmedia":[{"embeddable":true,"href":"https:\/\/agora.xtec.cat\/escolacampclar\/wp-json\/wp\/v2\/media\/3062"}],"wp:attachment":[{"href":"https:\/\/agora.xtec.cat\/escolacampclar\/wp-json\/wp\/v2\/media?parent=3061"}],"wp:term":[{"taxonomy":"category","embeddable":true,"href":"https:\/\/agora.xtec.cat\/escolacampclar\/wp-json\/wp\/v2\/categories?post=3061"},{"taxonomy":"post_tag","embeddable":true,"href":"https:\/\/agora.xtec.cat\/escolacampclar\/wp-json\/wp\/v2\/tags?post=3061"}],"curies":[{"name":"wp","href":"https:\/\/api.w.org\/{rel}","templated":true}]}}