{"id":3058,"date":"2021-05-19T10:33:10","date_gmt":"2021-05-19T08:33:10","guid":{"rendered":"http:\/\/agora.xtec.cat\/escolacampclar\/?p=3058"},"modified":"2021-05-19T10:33:10","modified_gmt":"2021-05-19T08:33:10","slug":"projecte-recerkids","status":"publish","type":"post","link":"https:\/\/agora.xtec.cat\/escolacampclar\/general\/projecte-recerkids\/","title":{"rendered":"PROJECTE RECERKIDS"},"content":{"rendered":"<p><span style=\"font-weight: 400;\">L\u2019alumnat de 6\u00e8 ha participat en el programa educatiu <\/span><span style=\"font-weight: 400;\">RECERKIDS<\/span><span style=\"font-weight: 400;\">.<\/span><\/p>\n<p><span style=\"font-weight: 400;\">El projecte que han realitzat, <\/span><span style=\"font-weight: 400;\">ELS ALIMENTS I EL CO2<\/span><span style=\"font-weight: 400;\">,<\/span> <span style=\"font-weight: 400;\">ha perm\u00e8s experimentar la recerca cient\u00edfica en primera persona.<\/span><\/p>\n<p><span style=\"font-weight: 400;\">Per dur a terme el projecte han utilitzat la metodologia i les eines del treball cient\u00edfic, integrant tamb\u00e9 coneixements de llengua, comunicaci\u00f3, <\/span><span style=\"font-weight: 400;\">de les TAC, etc..<\/span><\/p>\n<p><span style=\"font-weight: 400;\">La l\u00ednia de recerca ha estat l\u2019an\u00e0lisi de dades, tractant una activitat quotidiana, com pot ser comprar el menjar. D\u2019aquesta manera s\u2019han apropat a la problem\u00e0tica del canvi clim\u00e0tic, i s\u2019han adonat que tots i totes poden ser clau en la lluita contra aquest canvi clim\u00e0tic.<\/span><\/p>\n<p><span style=\"font-weight: 400;\">El proc\u00e9s del projecte ha estat el seg\u00fcent: Una primera fase de motivaci\u00f3, on a partir d\u2019un recull de not\u00edcies que presenten un problema actual relacionat amb l\u2019emerg\u00e8ncia clim\u00e0tica, genera\u00a0 una conversa i l\u2019alumnat es fa preguntes i entre tots i totes decideixen quina ser\u00e0 la pregunta, la qual guiar\u00e0 tot el projecte.<\/span><\/p>\n<p><span style=\"font-weight: 400;\">Per donar resposta a la pregunta a partir del qu\u00e8 saben o intueixen fan hip\u00f2tesis i en seleccionen una. El pas seg\u00fcent ha estat donar resposta a la hip\u00f2tesi i ho han fet a partir d\u2019un experiment (seguint els passos del m\u00e8tode cient\u00edfic).<\/span><\/p>\n<p><span style=\"font-weight: 400;\">L\u2019experiment ha consistit en elaborar <\/span><span style=\"font-weight: 400;\">dues <a href=\"https:\/\/drive.google.com\/drive\/folders\/13-nRzB1eybuhgf3fDiuid285AcSHNKov?usp=sharing\">RECEPTES<\/a>:<\/span><span style=\"font-weight: 400;\"> una amb productes locals i comprats al mercat del barri: AMANIDA D\u2019ESCALIVADA, i l\u2019altre amb productes tropicals i comprats al supermercat: GUACAMOLE.<\/span><\/p>\n<p><span style=\"font-weight: 400;\">A partir de les receptes han dut a terme tot el <a href=\"https:\/\/drive.google.com\/file\/d\/1HUh02anvPrwgX9nlf0ldriiPS7cjSh7T\/view?usp=sharing\">TREBALL D&#8217;INVESTIGACI\u00d3<\/a>: proced\u00e8ncia dels aliments, compra dels productes en un mercat i en un supermercat, calcular la quantitat d\u2019emissions de CO2 de cada aliment, etc\u2026<\/span><\/p>\n<p><span style=\"font-weight: 400;\">Una vegada han recollit les dades, les han analitzat i han tret <\/span><span style=\"font-weight: 400;\">conclusions<\/span><span style=\"font-weight: 400;\">: difer\u00e8ncies entre mercat i supermercat, aliments amb m\u00e9s o menys emissions de CO2, entre altres. I amb tota aquesta informaci\u00f3 l\u2019alumnat ha elaborat <a href=\"https:\/\/drive.google.com\/drive\/folders\/1KoXIPkyJ-H6uTKkRrDJWcSEoRIQuj3G1?usp=sharing\">P\u00d2STERS INFORMATIUS<\/a>.<\/span><\/p>\n<p><span style=\"font-weight: 400;\">El 12 de maig han participat en el <\/span><span style=\"font-weight: 400;\"><a href=\"https:\/\/drive.google.com\/file\/d\/19C_zl-QKHpg0pbwpy0FT8JKg2vclLIo2\/view?usp=sharing\">Congr\u00e9s de RECERKIDS<\/a> de Catalunya<\/span><span style=\"font-weight: 400;\">, on han presentat el seu projecte i han realitzat diferents experiments, gaudint d\u2019un mat\u00ed cient\u00edfic.<\/span><\/p>\n<p>&nbsp;<\/p>\n","protected":false},"excerpt":{"rendered":"<p>L\u2019alumnat de 6\u00e8 ha participat en el programa educatiu RECERKIDS.<br \/>\nEl projecte que han realitzat, ELS ALIMENTS I EL CO2, ha perm\u00e8s experimentar la recerca cient\u00edfica en primera persona.<br \/>\nPer dur a terme el projecte han utilitzat la metodologia i les eines del treball cient\u00edfic, integrant tamb\u00e9&hellip;  <a href=\"https:\/\/agora.xtec.cat\/escolacampclar\/general\/projecte-recerkids\/\" title=\"Read PROJECTE RECERKIDS\">Llegeix m\u00e9s\u00bb<\/a><\/p>\n","protected":false},"author":14,"featured_media":3059,"comment_status":"open","ping_status":"closed","sticky":false,"template":"","format":"standard","meta":{"_bbp_topic_count":0,"_bbp_reply_count":0,"_bbp_total_topic_count":0,"_bbp_total_reply_count":0,"_bbp_voice_count":0,"_bbp_anonymous_reply_count":0,"_bbp_topic_count_hidden":0,"_bbp_reply_count_hidden":0,"_bbp_forum_subforum_count":0,"footnotes":""},"categories":[1],"tags":[],"class_list":["post-3058","post","type-post","status-publish","format-standard","has-post-thumbnail","hentry","category-general"],"post_mailing_queue_ids":[],"_links":{"self":[{"href":"https:\/\/agora.xtec.cat\/escolacampclar\/wp-json\/wp\/v2\/posts\/3058","targetHints":{"allow":["GET"]}}],"collection":[{"href":"https:\/\/agora.xtec.cat\/escolacampclar\/wp-json\/wp\/v2\/posts"}],"about":[{"href":"https:\/\/agora.xtec.cat\/escolacampclar\/wp-json\/wp\/v2\/types\/post"}],"author":[{"embeddable":true,"href":"https:\/\/agora.xtec.cat\/escolacampclar\/wp-json\/wp\/v2\/users\/14"}],"replies":[{"embeddable":true,"href":"https:\/\/agora.xtec.cat\/escolacampclar\/wp-json\/wp\/v2\/comments?post=3058"}],"version-history":[{"count":1,"href":"https:\/\/agora.xtec.cat\/escolacampclar\/wp-json\/wp\/v2\/posts\/3058\/revisions"}],"predecessor-version":[{"id":3060,"href":"https:\/\/agora.xtec.cat\/escolacampclar\/wp-json\/wp\/v2\/posts\/3058\/revisions\/3060"}],"wp:featuredmedia":[{"embeddable":true,"href":"https:\/\/agora.xtec.cat\/escolacampclar\/wp-json\/wp\/v2\/media\/3059"}],"wp:attachment":[{"href":"https:\/\/agora.xtec.cat\/escolacampclar\/wp-json\/wp\/v2\/media?parent=3058"}],"wp:term":[{"taxonomy":"category","embeddable":true,"href":"https:\/\/agora.xtec.cat\/escolacampclar\/wp-json\/wp\/v2\/categories?post=3058"},{"taxonomy":"post_tag","embeddable":true,"href":"https:\/\/agora.xtec.cat\/escolacampclar\/wp-json\/wp\/v2\/tags?post=3058"}],"curies":[{"name":"wp","href":"https:\/\/api.w.org\/{rel}","templated":true}]}}