{"id":3051,"date":"2021-05-10T22:26:09","date_gmt":"2021-05-10T20:26:09","guid":{"rendered":"http:\/\/agora.xtec.cat\/escolacampclar\/?p=3051"},"modified":"2021-05-10T22:59:54","modified_gmt":"2021-05-10T20:59:54","slug":"de-concert-a-lescola","status":"publish","type":"post","link":"https:\/\/agora.xtec.cat\/escolacampclar\/general\/de-concert-a-lescola\/","title":{"rendered":"De concert a l&#8217;escola"},"content":{"rendered":"<p><a href=\"https:\/\/drive.google.com\/drive\/folders\/10H8zZjhwTdu-glKMAwPDa_6q3pkJqcxh?usp=sharing\"><img loading=\"lazy\" decoding=\"async\" class=\" wp-image-3052 alignleft\" src=\"https:\/\/agora.xtec.cat\/escolacampclar\/wp-content\/uploads\/usu687\/2021\/05\/20210507_100040-min-1024x768.jpg\" alt=\"\" width=\"438\" height=\"328\" srcset=\"https:\/\/agora.xtec.cat\/escolacampclar\/wp-content\/uploads\/usu687\/2021\/05\/20210507_100040-min-1024x768.jpg 1024w, https:\/\/agora.xtec.cat\/escolacampclar\/wp-content\/uploads\/usu687\/2021\/05\/20210507_100040-min-300x225.jpg 300w, https:\/\/agora.xtec.cat\/escolacampclar\/wp-content\/uploads\/usu687\/2021\/05\/20210507_100040-min-768x576.jpg 768w, https:\/\/agora.xtec.cat\/escolacampclar\/wp-content\/uploads\/usu687\/2021\/05\/20210507_100040-min-200x150.jpg 200w\" sizes=\"auto, (max-width: 438px) 100vw, 438px\" \/><\/a>Els professors de l&#8217;Escola Municipal de M\u00fasica de Tarragona ens han regalat un meravell\u00f3s<span style=\"font-family: inherit; font-size: 1em;\"> concert, on ens han portat de viatge per diferents pa\u00efsos a trav\u00e9s de les seves can\u00e7ons.\u00a0 L&#8217;alumnat ha pogut descobrir diferents estils musicals i han gaudit dels sons d&#8217;instruments com la bateria, guitarra, piano, sax\u00f2fon i caix\u00f3 flamenc&#8230;. Perqu\u00e8 la m\u00fasica en directe no est\u00e0 accessible a t<\/span><span style=\"font-family: inherit; font-size: 1em;\">othom per igual i amb petits actes com aquest apropem la cultura als nostres infants.<\/span><\/p>\n<p>Feu clic sobre la imatge per veure un recull de fotos i v\u00eddeos<\/p>\n","protected":false},"excerpt":{"rendered":"<p><a href=\"https:\/\/drive.google.com\/drive\/folders\/10H8zZjhwTdu-glKMAwPDa_6q3pkJqcxh?usp=sharing\"><\/a>Els professors de l&#8217;Escola Municipal de M\u00fasica de Tarragona ens han regalat un meravell\u00f3s concert, on ens han portat de viatge per diferents pa\u00efsos a trav\u00e9s de les seves can\u00e7ons.\u00a0 L&#8217;alumnat ha pogut descobrir diferents estils musicals i han gaudit dels sons d&#8217;instruments com&hellip;  <a href=\"https:\/\/agora.xtec.cat\/escolacampclar\/general\/de-concert-a-lescola\/\" title=\"Read De concert a l&#8217;escola\">Llegeix m\u00e9s\u00bb<\/a><\/p>\n","protected":false},"author":14,"featured_media":3052,"comment_status":"open","ping_status":"closed","sticky":false,"template":"","format":"standard","meta":{"_bbp_topic_count":0,"_bbp_reply_count":0,"_bbp_total_topic_count":0,"_bbp_total_reply_count":0,"_bbp_voice_count":0,"_bbp_anonymous_reply_count":0,"_bbp_topic_count_hidden":0,"_bbp_reply_count_hidden":0,"_bbp_forum_subforum_count":0,"footnotes":""},"categories":[345,24,25,26,344,1,31],"tags":[36,37,63,44,69,55],"class_list":["post-3051","post","type-post","status-publish","format-standard","has-post-thumbnail","hentry","category-campclar","category-cicle-inicial","category-cicle-mitja","category-cicle-superior","category-escola-campclar","category-general","category-musica","tag-cicle-inicial","tag-cicle-mitja-2","tag-cicle-superior","tag-escola-campclar","tag-musica","tag-tarragona"],"post_mailing_queue_ids":[],"_links":{"self":[{"href":"https:\/\/agora.xtec.cat\/escolacampclar\/wp-json\/wp\/v2\/posts\/3051","targetHints":{"allow":["GET"]}}],"collection":[{"href":"https:\/\/agora.xtec.cat\/escolacampclar\/wp-json\/wp\/v2\/posts"}],"about":[{"href":"https:\/\/agora.xtec.cat\/escolacampclar\/wp-json\/wp\/v2\/types\/post"}],"author":[{"embeddable":true,"href":"https:\/\/agora.xtec.cat\/escolacampclar\/wp-json\/wp\/v2\/users\/14"}],"replies":[{"embeddable":true,"href":"https:\/\/agora.xtec.cat\/escolacampclar\/wp-json\/wp\/v2\/comments?post=3051"}],"version-history":[{"count":3,"href":"https:\/\/agora.xtec.cat\/escolacampclar\/wp-json\/wp\/v2\/posts\/3051\/revisions"}],"predecessor-version":[{"id":3057,"href":"https:\/\/agora.xtec.cat\/escolacampclar\/wp-json\/wp\/v2\/posts\/3051\/revisions\/3057"}],"wp:featuredmedia":[{"embeddable":true,"href":"https:\/\/agora.xtec.cat\/escolacampclar\/wp-json\/wp\/v2\/media\/3052"}],"wp:attachment":[{"href":"https:\/\/agora.xtec.cat\/escolacampclar\/wp-json\/wp\/v2\/media?parent=3051"}],"wp:term":[{"taxonomy":"category","embeddable":true,"href":"https:\/\/agora.xtec.cat\/escolacampclar\/wp-json\/wp\/v2\/categories?post=3051"},{"taxonomy":"post_tag","embeddable":true,"href":"https:\/\/agora.xtec.cat\/escolacampclar\/wp-json\/wp\/v2\/tags?post=3051"}],"curies":[{"name":"wp","href":"https:\/\/api.w.org\/{rel}","templated":true}]}}