{"id":3034,"date":"2021-04-23T22:00:59","date_gmt":"2021-04-23T20:00:59","guid":{"rendered":"http:\/\/agora.xtec.cat\/escolacampclar\/?p=3034"},"modified":"2021-04-26T16:02:46","modified_gmt":"2021-04-26T14:02:46","slug":"certamen-literari-2","status":"publish","type":"post","link":"https:\/\/agora.xtec.cat\/escolacampclar\/general\/certamen-literari-2\/","title":{"rendered":"CERTAMEN LITERARI"},"content":{"rendered":"<p>&nbsp;<\/p>\n<p><a href=\"https:\/\/agora.xtec.cat\/escolacampclar\/wp-content\/uploads\/usu687\/2021\/04\/Copia-de-Sin-t\u00edtulo.png\"><img loading=\"lazy\" decoding=\"async\" class=\"wp-image-3036 aligncenter\" src=\"https:\/\/agora.xtec.cat\/escolacampclar\/wp-content\/uploads\/usu687\/2021\/04\/Copia-de-Sin-t\u00edtulo-1024x727.png\" alt=\"\" width=\"537\" height=\"381\" srcset=\"https:\/\/agora.xtec.cat\/escolacampclar\/wp-content\/uploads\/usu687\/2021\/04\/Copia-de-Sin-t\u00edtulo-1024x727.png 1024w, https:\/\/agora.xtec.cat\/escolacampclar\/wp-content\/uploads\/usu687\/2021\/04\/Copia-de-Sin-t\u00edtulo-300x213.png 300w, https:\/\/agora.xtec.cat\/escolacampclar\/wp-content\/uploads\/usu687\/2021\/04\/Copia-de-Sin-t\u00edtulo-768x545.png 768w, https:\/\/agora.xtec.cat\/escolacampclar\/wp-content\/uploads\/usu687\/2021\/04\/Copia-de-Sin-t\u00edtulo.png 1747w\" sizes=\"auto, (max-width: 537px) 100vw, 537px\" \/><\/a><\/p>\n<p>El divendres 23 d&#8217;abril tot l&#8217;alumnat de l&#8217;escola van celebrar el tercer certamen literari.<\/p>\n<p>Durant el segon trimestre tota l&#8217;escola ha\u00a0anat treballant sobre el tema del certamen, L&#8217;ESPAI, i de cada classe s&#8217;han triat uns finalistes i un guanyador.<\/p>\n<p>Tot l&#8217;alumnat ha fet una bona feina. Estem molt contents dels treballs i els felicitem a cadascun d&#8217;ells per la feina feta. ENHORABONA!!!!!!!!!!<\/p>\n<p>Volem agra\u00efr l&#8217;empresa BIC, la Llibreria Adser\u00e0, el Port Solidari de Tarragona, Ofilogistics i l&#8217;Editorial Text la Galera per la seva implicaci\u00f3 i col\u00b7laboraci\u00f3 en l&#8217;acte.<\/p>\n<p>Si\u00a0voleu veure un recull de fotografies i v\u00eddeos feu <a href=\"https:\/\/drive.google.com\/drive\/folders\/10AMLZFvDs_MMpovrNwhaHGBHwRQPP8CN?usp=sharing\">clic aqu\u00ed.<\/a><\/p>\n<p>&nbsp;<\/p>\n<div class=\"separator\"><\/div>\n","protected":false},"excerpt":{"rendered":"<p>&nbsp;<br \/>\n<a href=\"https:\/\/agora.xtec.cat\/escolacampclar\/wp-content\/uploads\/usu687\/2021\/04\/Copia-de-Sin-t\u00edtulo.png\"><\/a><br \/>\nEl divendres 23 d&#8217;abril tot l&#8217;alumnat de l&#8217;escola van celebrar el tercer certamen literari.<br \/>\nDurant el segon trimestre tota l&#8217;escola ha\u00a0anat treballant sobre el tema del certamen, L&#8217;ESPAI, i de cada classe s&#8217;han triat uns finalistes i un guanyador.<br \/>\nTot l&#8217;alumnat ha fet una bona feina.&hellip;  <a href=\"https:\/\/agora.xtec.cat\/escolacampclar\/general\/certamen-literari-2\/\" title=\"Read CERTAMEN LITERARI\">Llegeix m\u00e9s\u00bb<\/a><\/p>\n","protected":false},"author":14,"featured_media":3036,"comment_status":"open","ping_status":"closed","sticky":false,"template":"","format":"standard","meta":{"_bbp_topic_count":0,"_bbp_reply_count":0,"_bbp_total_topic_count":0,"_bbp_total_reply_count":0,"_bbp_voice_count":0,"_bbp_anonymous_reply_count":0,"_bbp_topic_count_hidden":0,"_bbp_reply_count_hidden":0,"_bbp_forum_subforum_count":0,"footnotes":""},"categories":[24,25,26,59,29,1,32],"tags":[36,37,63,42,44],"class_list":["post-3034","post","type-post","status-publish","format-standard","has-post-thumbnail","hentry","category-cicle-inicial","category-cicle-mitja","category-cicle-superior","category-infantil","category-festes","category-general","category-sant-jordi","tag-cicle-inicial","tag-cicle-mitja-2","tag-cicle-superior","tag-educacio-infantil-2","tag-escola-campclar"],"post_mailing_queue_ids":[],"_links":{"self":[{"href":"https:\/\/agora.xtec.cat\/escolacampclar\/wp-json\/wp\/v2\/posts\/3034","targetHints":{"allow":["GET"]}}],"collection":[{"href":"https:\/\/agora.xtec.cat\/escolacampclar\/wp-json\/wp\/v2\/posts"}],"about":[{"href":"https:\/\/agora.xtec.cat\/escolacampclar\/wp-json\/wp\/v2\/types\/post"}],"author":[{"embeddable":true,"href":"https:\/\/agora.xtec.cat\/escolacampclar\/wp-json\/wp\/v2\/users\/14"}],"replies":[{"embeddable":true,"href":"https:\/\/agora.xtec.cat\/escolacampclar\/wp-json\/wp\/v2\/comments?post=3034"}],"version-history":[{"count":3,"href":"https:\/\/agora.xtec.cat\/escolacampclar\/wp-json\/wp\/v2\/posts\/3034\/revisions"}],"predecessor-version":[{"id":3039,"href":"https:\/\/agora.xtec.cat\/escolacampclar\/wp-json\/wp\/v2\/posts\/3034\/revisions\/3039"}],"wp:featuredmedia":[{"embeddable":true,"href":"https:\/\/agora.xtec.cat\/escolacampclar\/wp-json\/wp\/v2\/media\/3036"}],"wp:attachment":[{"href":"https:\/\/agora.xtec.cat\/escolacampclar\/wp-json\/wp\/v2\/media?parent=3034"}],"wp:term":[{"taxonomy":"category","embeddable":true,"href":"https:\/\/agora.xtec.cat\/escolacampclar\/wp-json\/wp\/v2\/categories?post=3034"},{"taxonomy":"post_tag","embeddable":true,"href":"https:\/\/agora.xtec.cat\/escolacampclar\/wp-json\/wp\/v2\/tags?post=3034"}],"curies":[{"name":"wp","href":"https:\/\/api.w.org\/{rel}","templated":true}]}}