{"id":303,"date":"2010-11-17T18:27:21","date_gmt":"2010-11-17T17:27:21","guid":{"rendered":"http:\/\/blocs.xtec.cat\/campclar\/?p=303"},"modified":"2010-11-17T18:27:21","modified_gmt":"2010-11-17T17:27:21","slug":"laigua-un-be-escas","status":"publish","type":"post","link":"https:\/\/agora.xtec.cat\/escolacampclar\/cicle-mitja\/laigua-un-be-escas\/","title":{"rendered":"L&#8217;AIGUA, UN B\u00c9 ESC\u00c0S"},"content":{"rendered":"<p>A Cicle Mitj\u00e0 hem fet unes sessions de Coneixement del Medi dedicades a prendre consci\u00e8ncia del valor de l&#8217;aigua que arriba a les nostres cases.<br \/>\nDes de Mediterr\u00e0nia, una entitat que treballa per la preservaci\u00f3 del medi ambient, una monitora ens va ajudar a pensar en la import\u00e0ncia que t\u00e9 un \u00fas responsable de l&#8217;aigua.<br \/>\nSabeu que la major part de l&#8217;aigua del nostre planeta Terra \u00e9s salada?<br \/>\nSabeu que hi ha milions de persones al m\u00f3n que no tenen acc\u00e8s a l&#8217;aigua dol\u00e7a per beure?<br \/>\nL&#8217;aigua \u00e9s vida&#8230;No l&#8217;hem de malgastar!<br \/>\n<img loading=\"lazy\" decoding=\"async\" src=\"http:\/\/blocs.xtec.cat\/campclar\/files\/2010\/11\/planeta-terra1.jpg\" alt=\"planeta-terra1\" width=\"400\" height=\"400\" class=\"alignnone size-full wp-image-306\" \/><\/p>\n","protected":false},"excerpt":{"rendered":"<p>A Cicle Mitj\u00e0 hem fet unes sessions de Coneixement del Medi dedicades a prendre consci\u00e8ncia del valor de l&#8217;aigua que arriba a les nostres cases.<br \/>\nDes de Mediterr\u00e0nia, una entitat que treballa per la preservaci\u00f3 del medi ambient, una monitora ens va ajudar a pensar en&hellip;  <a href=\"https:\/\/agora.xtec.cat\/escolacampclar\/cicle-mitja\/laigua-un-be-escas\/\" title=\"Read L&#8217;AIGUA, UN B\u00c9 ESC\u00c0S\">Llegeix m\u00e9s\u00bb<\/a><\/p>\n","protected":false},"author":1,"featured_media":0,"comment_status":"open","ping_status":"open","sticky":false,"template":"","format":"standard","meta":{"_bbp_topic_count":0,"_bbp_reply_count":0,"_bbp_total_topic_count":0,"_bbp_total_reply_count":0,"_bbp_voice_count":0,"_bbp_anonymous_reply_count":0,"_bbp_topic_count_hidden":0,"_bbp_reply_count_hidden":0,"_bbp_forum_subforum_count":0,"footnotes":""},"categories":[25],"tags":[],"class_list":["post-303","post","type-post","status-publish","format-standard","hentry","category-cicle-mitja"],"post_mailing_queue_ids":[],"_links":{"self":[{"href":"https:\/\/agora.xtec.cat\/escolacampclar\/wp-json\/wp\/v2\/posts\/303","targetHints":{"allow":["GET"]}}],"collection":[{"href":"https:\/\/agora.xtec.cat\/escolacampclar\/wp-json\/wp\/v2\/posts"}],"about":[{"href":"https:\/\/agora.xtec.cat\/escolacampclar\/wp-json\/wp\/v2\/types\/post"}],"author":[{"embeddable":true,"href":"https:\/\/agora.xtec.cat\/escolacampclar\/wp-json\/wp\/v2\/users\/1"}],"replies":[{"embeddable":true,"href":"https:\/\/agora.xtec.cat\/escolacampclar\/wp-json\/wp\/v2\/comments?post=303"}],"version-history":[{"count":0,"href":"https:\/\/agora.xtec.cat\/escolacampclar\/wp-json\/wp\/v2\/posts\/303\/revisions"}],"wp:attachment":[{"href":"https:\/\/agora.xtec.cat\/escolacampclar\/wp-json\/wp\/v2\/media?parent=303"}],"wp:term":[{"taxonomy":"category","embeddable":true,"href":"https:\/\/agora.xtec.cat\/escolacampclar\/wp-json\/wp\/v2\/categories?post=303"},{"taxonomy":"post_tag","embeddable":true,"href":"https:\/\/agora.xtec.cat\/escolacampclar\/wp-json\/wp\/v2\/tags?post=303"}],"curies":[{"name":"wp","href":"https:\/\/api.w.org\/{rel}","templated":true}]}}