{"id":3025,"date":"2021-04-22T23:08:32","date_gmt":"2021-04-22T21:08:32","guid":{"rendered":"http:\/\/agora.xtec.cat\/escolacampclar\/?p=3025"},"modified":"2021-04-22T23:10:27","modified_gmt":"2021-04-22T21:10:27","slug":"celebrem-sant-jordi-a-infantil","status":"publish","type":"post","link":"https:\/\/agora.xtec.cat\/escolacampclar\/general\/celebrem-sant-jordi-a-infantil\/","title":{"rendered":"CELEBREM SANT JORDI A INFANTIL"},"content":{"rendered":"<p>Les classes d&#8217;infantil hem estat treballant La llegenda de Sant Jordi a l&#8217;aula. Cada curs ha representat la hist\u00f2ria de Sant Jordi amb molta il\u00b7lusi\u00f3. A continuaci\u00f3 podeu veure com ha quedat.<\/p>\n<p><a href=\"https:\/\/drive.google.com\/file\/d\/1FPVB9nSMYjEzLRuQv1My5QW_WTT27M-e\/view?usp=sharing\">A La classe de &#8216;Els cocodrils&#8217; (P5) hem fet una obra de teatre<\/a>.<\/p>\n<p><iframe loading=\"lazy\" src=\"https:\/\/drive.google.com\/file\/d\/1FPVB9nSMYjEzLRuQv1My5QW_WTT27M-e\/preview\" width=\"320\" height=\"240\"><\/iframe><\/p>\n<p><a href=\"https:\/\/drive.google.com\/file\/d\/1Hdf5al1YKmIMAfOM9uOtZEw5A7TX_Nuh\/view?usp=sharing\">A la classe de &#8216;Les tortugues&#8217; (P4) hem realitzat el videoclip de la can\u00e7\u00f3 &#8216;Sant Jordi&#8217; de la D\u00e0maris Gelabert:<\/a><\/p>\n<p><iframe loading=\"lazy\" src=\"https:\/\/drive.google.com\/file\/d\/1Hdf5al1YKmIMAfOM9uOtZEw5A7TX_Nuh\/preview\" width=\"320\" height=\"240\"><\/iframe><\/p>\n<p><a href=\"https:\/\/drive.google.com\/file\/d\/12ohhbyUXT3l6qJ8V1UR_-r_6vUh6UyhS\/view?usp=sharing\">A la classe de &#8216;Els pollets&#8217; (P3) hem representat la llegenda de Sant Jordi<\/a>:<\/p>\n<p><iframe loading=\"lazy\" src=\"https:\/\/drive.google.com\/file\/d\/12ohhbyUXT3l6qJ8V1UR_-r_6vUh6UyhS\/preview\" width=\"320\" height=\"240\"><\/iframe><\/p>\n<p>&nbsp;<\/p>\n","protected":false},"excerpt":{"rendered":"<p>Les classes d&#8217;infantil hem estat treballant La llegenda de Sant Jordi a l&#8217;aula. Cada curs ha representat la hist\u00f2ria de Sant Jordi amb molta il\u00b7lusi\u00f3. A continuaci\u00f3 podeu veure com ha quedat.<br \/>\n<a href=\"https:\/\/drive.google.com\/file\/d\/1FPVB9nSMYjEzLRuQv1My5QW_WTT27M-e\/view?usp=sharing\">A La classe de &#8216;Els cocodrils&#8217; (P5) hem fet una obra de teatre<\/a>.<\/p>\n<p><a&hellip;  <a href=\"https:\/\/agora.xtec.cat\/escolacampclar\/general\/celebrem-sant-jordi-a-infantil\/\" title=\"Read CELEBREM SANT JORDI A INFANTIL\">Llegeix m\u00e9s\u00bb<\/a><\/p>\n","protected":false},"author":14,"featured_media":3028,"comment_status":"open","ping_status":"closed","sticky":false,"template":"","format":"standard","meta":{"_bbp_topic_count":0,"_bbp_reply_count":0,"_bbp_total_topic_count":0,"_bbp_total_reply_count":0,"_bbp_voice_count":0,"_bbp_anonymous_reply_count":0,"_bbp_topic_count_hidden":0,"_bbp_reply_count_hidden":0,"_bbp_forum_subforum_count":0,"footnotes":""},"categories":[23,345,59,344,29,1,31,32],"tags":[34,42,44,98,69,187,55,99],"class_list":["post-3025","post","type-post","status-publish","format-standard","has-post-thumbnail","hentry","category-biblioteca","category-campclar","category-infantil","category-escola-campclar","category-festes","category-general","category-musica","category-sant-jordi","tag-campclar","tag-educacio-infantil-2","tag-escola-campclar","tag-infantil","tag-musica","tag-sant-jordi","tag-tarragona","tag-teatre"],"post_mailing_queue_ids":[],"_links":{"self":[{"href":"https:\/\/agora.xtec.cat\/escolacampclar\/wp-json\/wp\/v2\/posts\/3025","targetHints":{"allow":["GET"]}}],"collection":[{"href":"https:\/\/agora.xtec.cat\/escolacampclar\/wp-json\/wp\/v2\/posts"}],"about":[{"href":"https:\/\/agora.xtec.cat\/escolacampclar\/wp-json\/wp\/v2\/types\/post"}],"author":[{"embeddable":true,"href":"https:\/\/agora.xtec.cat\/escolacampclar\/wp-json\/wp\/v2\/users\/14"}],"replies":[{"embeddable":true,"href":"https:\/\/agora.xtec.cat\/escolacampclar\/wp-json\/wp\/v2\/comments?post=3025"}],"version-history":[{"count":3,"href":"https:\/\/agora.xtec.cat\/escolacampclar\/wp-json\/wp\/v2\/posts\/3025\/revisions"}],"predecessor-version":[{"id":3035,"href":"https:\/\/agora.xtec.cat\/escolacampclar\/wp-json\/wp\/v2\/posts\/3025\/revisions\/3035"}],"wp:featuredmedia":[{"embeddable":true,"href":"https:\/\/agora.xtec.cat\/escolacampclar\/wp-json\/wp\/v2\/media\/3028"}],"wp:attachment":[{"href":"https:\/\/agora.xtec.cat\/escolacampclar\/wp-json\/wp\/v2\/media?parent=3025"}],"wp:term":[{"taxonomy":"category","embeddable":true,"href":"https:\/\/agora.xtec.cat\/escolacampclar\/wp-json\/wp\/v2\/categories?post=3025"},{"taxonomy":"post_tag","embeddable":true,"href":"https:\/\/agora.xtec.cat\/escolacampclar\/wp-json\/wp\/v2\/tags?post=3025"}],"curies":[{"name":"wp","href":"https:\/\/api.w.org\/{rel}","templated":true}]}}