{"id":3017,"date":"2021-04-14T15:29:08","date_gmt":"2021-04-14T13:29:08","guid":{"rendered":"http:\/\/agora.xtec.cat\/escolacampclar\/?p=3017"},"modified":"2021-04-14T15:29:08","modified_gmt":"2021-04-14T13:29:08","slug":"mirades-del-mon","status":"publish","type":"post","link":"https:\/\/agora.xtec.cat\/escolacampclar\/general\/mirades-del-mon\/","title":{"rendered":"MIRADES DEL M\u00d3N"},"content":{"rendered":"<p><span style=\"font-weight: 400;\">Dintre del projecte MIRADES DEL M\u00d3N, l\u2019alumnat de 3r de l\u2019escola Campclar ens hem agermanat amb l\u2019ONG DREAM NEPAL.<\/span><\/p>\n<p><span style=\"font-weight: 400;\">Aquesta ONG ajuda a les nenes i els nens que viuen a la pres\u00f3 amb les seves fam\u00edlies, traient-los d\u2019all\u00ed per donar-los una millor vida i garantir els seus drets.<\/span><\/p>\n<p><span style=\"font-weight: 400;\">Al sortir de la pres\u00f3, viuen amb la resta de nens en cases d\u2019acollida en les que juguen, estudien, fan les feines de casa i s\u00f3n molt feli\u00e7os.<\/span><\/p>\n<p><span style=\"font-weight: 400;\">Nosaltres, vam con\u00e8ixer la seva hist\u00f2ria gr\u00e0cies a una entrevista que vam fer amb la seva fundadora, la Marina. Despr\u00e9s, hem treballat el projecte coneixent el pa\u00eds del Nepal, estudiant les seves costums, investigant quins son els drets dels infants i qu\u00e8 fa Dream Nepal per a ajudar a que es compleixin. Ja que hem descobert que no tots els nens i nenes del m\u00f3n tenim els mateixos drets.\u00a0<\/span><\/p>\n<p><span style=\"font-weight: 400;\">Tamb\u00e9 hem vist que hi ha diferents maneres de comunicar-nos, i que sense utilitzar paraules podem expressar sentiments.<\/span><\/p>\n<p><span style=\"font-weight: 400;\">D\u2019aqu\u00ed naix la nostra obra MIRADES QUE PARLEN, creada treballant l\u2019expressi\u00f3 a trav\u00e9s de la mirada i els dibuixos. En la que hem volgut representar el seg\u00fcent:\u00a0<\/span><\/p>\n<p><i><span style=\"font-weight: 400;\">Les nenes i els nens de Campclar i del Dream Nepal som de diferents parts del m\u00f3n i no ens podem expressar amb paraules perqu\u00e8 no compartim la mateixa llengua, per\u00f2 s\u00ed ens podem comunicar a trav\u00e9s de la mirada.\u00a0<\/span><\/i><\/p>\n<p><i><span style=\"font-weight: 400;\">Despr\u00e9s de con\u00e8ixer la seva hist\u00f2ria, hem empatitzat amb la seva situaci\u00f3, i els volem expressar les nostres emocions a trav\u00e9s de la mirada, ja que ells ulls parlen.\u00a0<\/span><\/i><\/p>\n<p><i><span style=\"font-weight: 400;\">No tots els ulls s\u00f3n iguals, perqu\u00e8 tothom som diferents. Per\u00f2 tenim una cosa en com\u00fa, tots sentim i expressem sentiments a trav\u00e9s de la mirada.\u00a0<\/span><\/i><\/p>\n<p><i><span style=\"font-weight: 400;\">Pensem que totes les nenes i els nens del m\u00f3n hem de tenir els mateixos drets.\u00a0<\/span><\/i><\/p>\n<p><i><span style=\"font-weight: 400;\">Perqu\u00e8 les nenes i els nens som iguals i perqu\u00e8 els nens de Dream Nepal i Campclar sentim igual.<\/span><\/i><\/p>\n<p><span style=\"font-weight: 400;\">Aquesta, i totes les obres del projecte MIRADES DEL M\u00d3N estaran exposades al museu MAMT, Museu d\u2019Art Modern de Tarragona des del 26 de mar\u00e7 fins al 18 d\u2019abril.<\/span><\/p>\n<p><a href=\"https:\/\/drive.google.com\/drive\/folders\/1BA8AeliNhCzmGiOSPSM4zZBKW448iCPM?usp=sharing\">CLICA AQU\u00cd SI VOLS VEURE LES FOTOS<\/a><\/p>\n<p>&nbsp;<\/p>\n","protected":false},"excerpt":{"rendered":"<p>Dintre del projecte MIRADES DEL M\u00d3N, l\u2019alumnat de 3r de l\u2019escola Campclar ens hem agermanat amb l\u2019ONG DREAM NEPAL.<br \/>\nAquesta ONG ajuda a les nenes i els nens que viuen a la pres\u00f3 amb les seves fam\u00edlies, traient-los d\u2019all\u00ed per donar-los una millor vida i garantir&hellip;  <a href=\"https:\/\/agora.xtec.cat\/escolacampclar\/general\/mirades-del-mon\/\" title=\"Read MIRADES DEL M\u00d3N\">Llegeix m\u00e9s\u00bb<\/a><\/p>\n","protected":false},"author":14,"featured_media":3018,"comment_status":"open","ping_status":"closed","sticky":false,"template":"","format":"standard","meta":{"_bbp_topic_count":0,"_bbp_reply_count":0,"_bbp_total_topic_count":0,"_bbp_total_reply_count":0,"_bbp_voice_count":0,"_bbp_anonymous_reply_count":0,"_bbp_topic_count_hidden":0,"_bbp_reply_count_hidden":0,"_bbp_forum_subforum_count":0,"footnotes":""},"categories":[1],"tags":[34,382,381,383],"class_list":["post-3017","post","type-post","status-publish","format-standard","has-post-thumbnail","hentry","category-general","tag-campclar","tag-mamt","tag-mirades-del-mon","tag-nepal"],"post_mailing_queue_ids":[],"_links":{"self":[{"href":"https:\/\/agora.xtec.cat\/escolacampclar\/wp-json\/wp\/v2\/posts\/3017","targetHints":{"allow":["GET"]}}],"collection":[{"href":"https:\/\/agora.xtec.cat\/escolacampclar\/wp-json\/wp\/v2\/posts"}],"about":[{"href":"https:\/\/agora.xtec.cat\/escolacampclar\/wp-json\/wp\/v2\/types\/post"}],"author":[{"embeddable":true,"href":"https:\/\/agora.xtec.cat\/escolacampclar\/wp-json\/wp\/v2\/users\/14"}],"replies":[{"embeddable":true,"href":"https:\/\/agora.xtec.cat\/escolacampclar\/wp-json\/wp\/v2\/comments?post=3017"}],"version-history":[{"count":1,"href":"https:\/\/agora.xtec.cat\/escolacampclar\/wp-json\/wp\/v2\/posts\/3017\/revisions"}],"predecessor-version":[{"id":3019,"href":"https:\/\/agora.xtec.cat\/escolacampclar\/wp-json\/wp\/v2\/posts\/3017\/revisions\/3019"}],"wp:featuredmedia":[{"embeddable":true,"href":"https:\/\/agora.xtec.cat\/escolacampclar\/wp-json\/wp\/v2\/media\/3018"}],"wp:attachment":[{"href":"https:\/\/agora.xtec.cat\/escolacampclar\/wp-json\/wp\/v2\/media?parent=3017"}],"wp:term":[{"taxonomy":"category","embeddable":true,"href":"https:\/\/agora.xtec.cat\/escolacampclar\/wp-json\/wp\/v2\/categories?post=3017"},{"taxonomy":"post_tag","embeddable":true,"href":"https:\/\/agora.xtec.cat\/escolacampclar\/wp-json\/wp\/v2\/tags?post=3017"}],"curies":[{"name":"wp","href":"https:\/\/api.w.org\/{rel}","templated":true}]}}