{"id":2990,"date":"2021-03-15T15:20:39","date_gmt":"2021-03-15T14:20:39","guid":{"rendered":"http:\/\/agora.xtec.cat\/escolacampclar\/?p=2990"},"modified":"2021-04-08T09:48:22","modified_gmt":"2021-04-08T07:48:22","slug":"preinscripcio","status":"publish","type":"post","link":"https:\/\/agora.xtec.cat\/escolacampclar\/general\/preinscripcio\/","title":{"rendered":"PREINSCRIPCI\u00d3 CURS 21-22"},"content":{"rendered":"<p><a href=\"https:\/\/drive.google.com\/file\/d\/1Xfrh_-yohwZnKM_i3kj6e-FEJy-gI5wD\/view?usp=sharing\"><img loading=\"lazy\" decoding=\"async\" class=\"alignnone wp-image-2992\" src=\"https:\/\/agora.xtec.cat\/escolacampclar\/wp-content\/uploads\/usu687\/2021\/03\/PREINSCRIPCI\u00d3.png\" alt=\"\" width=\"344\" height=\"448\" srcset=\"https:\/\/agora.xtec.cat\/escolacampclar\/wp-content\/uploads\/usu687\/2021\/03\/PREINSCRIPCI\u00d3.png 599w, https:\/\/agora.xtec.cat\/escolacampclar\/wp-content\/uploads\/usu687\/2021\/03\/PREINSCRIPCI\u00d3-230x300.png 230w\" sizes=\"auto, (max-width: 344px) 100vw, 344px\" \/><\/a><\/p>\n<p><iframe loading=\"lazy\" src=\"https:\/\/www.youtube.com\/embed\/OuhbC06EQSs\" width=\"560\" height=\"315\" frameborder=\"0\"><\/iframe><\/p>\n<p>Entra en el seg\u00fcent enlla\u00e7 si vols fer la preinscripci\u00f3 online.<\/p>\n<p><a href=\"http:\/\/educacio.gencat.cat\/ca\/tramits\/tramits-temes\/20483-obligatoris?moda=2\">SOL\u00b7LICITUD DE PREINSCRIPCI\u00d3 ONLINE<\/a><\/p>\n<p>Tamb\u00e9 pots contactar amb nosaltres.<a href=\"https:\/\/agora.xtec.cat\/escolacampclar\/wp-content\/uploads\/usu687\/2021\/03\/portes-obertes.png\"><img loading=\"lazy\" decoding=\"async\" class=\"alignnone size-large wp-image-2949\" src=\"https:\/\/agora.xtec.cat\/escolacampclar\/wp-content\/uploads\/usu687\/2021\/03\/portes-obertes-1024x304.png\" alt=\"\" width=\"1024\" height=\"304\" srcset=\"https:\/\/agora.xtec.cat\/escolacampclar\/wp-content\/uploads\/usu687\/2021\/03\/portes-obertes-1024x304.png 1024w, https:\/\/agora.xtec.cat\/escolacampclar\/wp-content\/uploads\/usu687\/2021\/03\/portes-obertes-300x89.png 300w, https:\/\/agora.xtec.cat\/escolacampclar\/wp-content\/uploads\/usu687\/2021\/03\/portes-obertes-768x228.png 768w, https:\/\/agora.xtec.cat\/escolacampclar\/wp-content\/uploads\/usu687\/2021\/03\/portes-obertes.png 1890w\" sizes=\"auto, (max-width: 1024px) 100vw, 1024px\" \/><\/a><\/p>\n","protected":false},"excerpt":{"rendered":"<p><a href=\"https:\/\/drive.google.com\/file\/d\/1Xfrh_-yohwZnKM_i3kj6e-FEJy-gI5wD\/view?usp=sharing\"><\/a><\/p>\n<p>Entra en el seg\u00fcent enlla\u00e7 si vols fer la preinscripci\u00f3 online.<br \/>\n<a href=\"http:\/\/educacio.gencat.cat\/ca\/tramits\/tramits-temes\/20483-obligatoris?moda=2\">SOL\u00b7LICITUD DE PREINSCRIPCI\u00d3 ONLINE<\/a><br \/>\nTamb\u00e9 pots contactar amb nosaltres.<a href=\"https:\/\/agora.xtec.cat\/escolacampclar\/wp-content\/uploads\/usu687\/2021\/03\/portes-obertes.png\"><\/a><\/p>\n","protected":false},"author":14,"featured_media":2101,"comment_status":"open","ping_status":"closed","sticky":false,"template":"","format":"standard","meta":{"_bbp_topic_count":0,"_bbp_reply_count":0,"_bbp_total_topic_count":0,"_bbp_total_reply_count":0,"_bbp_voice_count":0,"_bbp_anonymous_reply_count":0,"_bbp_topic_count_hidden":0,"_bbp_reply_count_hidden":0,"_bbp_forum_subforum_count":0,"footnotes":""},"categories":[1],"tags":[44,67],"class_list":["post-2990","post","type-post","status-publish","format-standard","has-post-thumbnail","hentry","category-general","tag-escola-campclar","tag-preinscripcio"],"post_mailing_queue_ids":[],"_links":{"self":[{"href":"https:\/\/agora.xtec.cat\/escolacampclar\/wp-json\/wp\/v2\/posts\/2990","targetHints":{"allow":["GET"]}}],"collection":[{"href":"https:\/\/agora.xtec.cat\/escolacampclar\/wp-json\/wp\/v2\/posts"}],"about":[{"href":"https:\/\/agora.xtec.cat\/escolacampclar\/wp-json\/wp\/v2\/types\/post"}],"author":[{"embeddable":true,"href":"https:\/\/agora.xtec.cat\/escolacampclar\/wp-json\/wp\/v2\/users\/14"}],"replies":[{"embeddable":true,"href":"https:\/\/agora.xtec.cat\/escolacampclar\/wp-json\/wp\/v2\/comments?post=2990"}],"version-history":[{"count":3,"href":"https:\/\/agora.xtec.cat\/escolacampclar\/wp-json\/wp\/v2\/posts\/2990\/revisions"}],"predecessor-version":[{"id":2998,"href":"https:\/\/agora.xtec.cat\/escolacampclar\/wp-json\/wp\/v2\/posts\/2990\/revisions\/2998"}],"wp:featuredmedia":[{"embeddable":true,"href":"https:\/\/agora.xtec.cat\/escolacampclar\/wp-json\/wp\/v2\/media\/2101"}],"wp:attachment":[{"href":"https:\/\/agora.xtec.cat\/escolacampclar\/wp-json\/wp\/v2\/media?parent=2990"}],"wp:term":[{"taxonomy":"category","embeddable":true,"href":"https:\/\/agora.xtec.cat\/escolacampclar\/wp-json\/wp\/v2\/categories?post=2990"},{"taxonomy":"post_tag","embeddable":true,"href":"https:\/\/agora.xtec.cat\/escolacampclar\/wp-json\/wp\/v2\/tags?post=2990"}],"curies":[{"name":"wp","href":"https:\/\/api.w.org\/{rel}","templated":true}]}}