{"id":2983,"date":"2021-03-15T12:06:49","date_gmt":"2021-03-15T11:06:49","guid":{"rendered":"http:\/\/agora.xtec.cat\/escolacampclar\/?p=2983"},"modified":"2021-03-15T16:27:06","modified_gmt":"2021-03-15T15:27:06","slug":"anem-a-lhort","status":"publish","type":"post","link":"https:\/\/agora.xtec.cat\/escolacampclar\/general\/anem-a-lhort\/","title":{"rendered":"ANEM A L&#8217;HORT"},"content":{"rendered":"<p><a href=\"https:\/\/agora.xtec.cat\/escolacampclar\/wp-content\/uploads\/usu687\/2021\/03\/WhatsApp-Image-2021-03-14-at-00.36.58.jpeg\"><img loading=\"lazy\" decoding=\"async\" class=\"wp-image-2986 alignleft\" src=\"https:\/\/agora.xtec.cat\/escolacampclar\/wp-content\/uploads\/usu687\/2021\/03\/WhatsApp-Image-2021-03-14-at-00.36.58-1024x768.jpeg\" alt=\"\" width=\"483\" height=\"362\" srcset=\"https:\/\/agora.xtec.cat\/escolacampclar\/wp-content\/uploads\/usu687\/2021\/03\/WhatsApp-Image-2021-03-14-at-00.36.58-1024x768.jpeg 1024w, https:\/\/agora.xtec.cat\/escolacampclar\/wp-content\/uploads\/usu687\/2021\/03\/WhatsApp-Image-2021-03-14-at-00.36.58-300x225.jpeg 300w, https:\/\/agora.xtec.cat\/escolacampclar\/wp-content\/uploads\/usu687\/2021\/03\/WhatsApp-Image-2021-03-14-at-00.36.58-768x576.jpeg 768w, https:\/\/agora.xtec.cat\/escolacampclar\/wp-content\/uploads\/usu687\/2021\/03\/WhatsApp-Image-2021-03-14-at-00.36.58-200x150.jpeg 200w, https:\/\/agora.xtec.cat\/escolacampclar\/wp-content\/uploads\/usu687\/2021\/03\/WhatsApp-Image-2021-03-14-at-00.36.58.jpeg 2048w\" sizes=\"auto, (max-width: 483px) 100vw, 483px\" \/><\/a><\/p>\n<p>A descoberta de l&#8217;entorn la comunitat dels petits anem a l&#8217;hort. \u00c9s el nostre moment de contacte amb la natura on realitzem diferents tasques, com sembrar, regar, recol\u00b7lectar&#8230;i menjar.\u00a0 Tamb\u00e9 fem activitats d&#8217;experimentaci\u00f3 amb la terra i d&#8217;observaci\u00f3 amb lupes de les plantes, flors i animalets que trobem. Sortir amb les lupes a l&#8217;hort \u00e9s molt enriquidor!!<\/p>\n<p><a href=\"https:\/\/drive.google.com\/file\/d\/1t_aHKZY-F4iBTCsBbdOWWp9LZEKvycb7\/view?usp=sharing\">Mira\u00a0 aqu\u00ed el v\u00eddeo.<\/a><\/p>\n","protected":false},"excerpt":{"rendered":"<p><a href=\"https:\/\/agora.xtec.cat\/escolacampclar\/wp-content\/uploads\/usu687\/2021\/03\/WhatsApp-Image-2021-03-14-at-00.36.58.jpeg\"><\/a><br \/>\nA descoberta de l&#8217;entorn la comunitat dels petits anem a l&#8217;hort. \u00c9s el nostre moment de contacte amb la natura on realitzem diferents tasques, com sembrar, regar, recol\u00b7lectar&#8230;i menjar.\u00a0 Tamb\u00e9 fem activitats d&#8217;experimentaci\u00f3 amb la terra i d&#8217;observaci\u00f3 amb lupes de les plantes, flors&hellip;  <a href=\"https:\/\/agora.xtec.cat\/escolacampclar\/general\/anem-a-lhort\/\" title=\"Read ANEM A L&#8217;HORT\">Llegeix m\u00e9s\u00bb<\/a><\/p>\n","protected":false},"author":14,"featured_media":2985,"comment_status":"open","ping_status":"closed","sticky":false,"template":"","format":"standard","meta":{"_bbp_topic_count":0,"_bbp_reply_count":0,"_bbp_total_topic_count":0,"_bbp_total_reply_count":0,"_bbp_voice_count":0,"_bbp_anonymous_reply_count":0,"_bbp_topic_count_hidden":0,"_bbp_reply_count_hidden":0,"_bbp_forum_subforum_count":0,"footnotes":""},"categories":[345,59,344,1,30],"tags":[42,44,98,54],"class_list":["post-2983","post","type-post","status-publish","format-standard","has-post-thumbnail","hentry","category-campclar","category-infantil","category-escola-campclar","category-general","category-hort","tag-educacio-infantil-2","tag-escola-campclar","tag-infantil","tag-tallers"],"post_mailing_queue_ids":[],"_links":{"self":[{"href":"https:\/\/agora.xtec.cat\/escolacampclar\/wp-json\/wp\/v2\/posts\/2983","targetHints":{"allow":["GET"]}}],"collection":[{"href":"https:\/\/agora.xtec.cat\/escolacampclar\/wp-json\/wp\/v2\/posts"}],"about":[{"href":"https:\/\/agora.xtec.cat\/escolacampclar\/wp-json\/wp\/v2\/types\/post"}],"author":[{"embeddable":true,"href":"https:\/\/agora.xtec.cat\/escolacampclar\/wp-json\/wp\/v2\/users\/14"}],"replies":[{"embeddable":true,"href":"https:\/\/agora.xtec.cat\/escolacampclar\/wp-json\/wp\/v2\/comments?post=2983"}],"version-history":[{"count":3,"href":"https:\/\/agora.xtec.cat\/escolacampclar\/wp-json\/wp\/v2\/posts\/2983\/revisions"}],"predecessor-version":[{"id":2995,"href":"https:\/\/agora.xtec.cat\/escolacampclar\/wp-json\/wp\/v2\/posts\/2983\/revisions\/2995"}],"wp:featuredmedia":[{"embeddable":true,"href":"https:\/\/agora.xtec.cat\/escolacampclar\/wp-json\/wp\/v2\/media\/2985"}],"wp:attachment":[{"href":"https:\/\/agora.xtec.cat\/escolacampclar\/wp-json\/wp\/v2\/media?parent=2983"}],"wp:term":[{"taxonomy":"category","embeddable":true,"href":"https:\/\/agora.xtec.cat\/escolacampclar\/wp-json\/wp\/v2\/categories?post=2983"},{"taxonomy":"post_tag","embeddable":true,"href":"https:\/\/agora.xtec.cat\/escolacampclar\/wp-json\/wp\/v2\/tags?post=2983"}],"curies":[{"name":"wp","href":"https:\/\/api.w.org\/{rel}","templated":true}]}}