{"id":2969,"date":"2021-03-02T14:00:56","date_gmt":"2021-03-02T13:00:56","guid":{"rendered":"http:\/\/agora.xtec.cat\/escolacampclar\/?p=2969"},"modified":"2021-03-02T14:00:56","modified_gmt":"2021-03-02T13:00:56","slug":"taller-en-luci-i-els-seus-amics","status":"publish","type":"post","link":"https:\/\/agora.xtec.cat\/escolacampclar\/general\/taller-en-luci-i-els-seus-amics\/","title":{"rendered":"TALLER EN LUCI I ELS SEUS AMICS"},"content":{"rendered":"<p><a href=\"https:\/\/agora.xtec.cat\/escolacampclar\/wp-content\/uploads\/usu687\/2021\/03\/20210222_100317.jpg\"><img loading=\"lazy\" decoding=\"async\" class=\"wp-image-2970 alignleft\" src=\"https:\/\/agora.xtec.cat\/escolacampclar\/wp-content\/uploads\/usu687\/2021\/03\/20210222_100317-1024x768.jpg\" alt=\"\" width=\"315\" height=\"236\" srcset=\"https:\/\/agora.xtec.cat\/escolacampclar\/wp-content\/uploads\/usu687\/2021\/03\/20210222_100317-1024x768.jpg 1024w, https:\/\/agora.xtec.cat\/escolacampclar\/wp-content\/uploads\/usu687\/2021\/03\/20210222_100317-300x225.jpg 300w, https:\/\/agora.xtec.cat\/escolacampclar\/wp-content\/uploads\/usu687\/2021\/03\/20210222_100317-768x576.jpg 768w, https:\/\/agora.xtec.cat\/escolacampclar\/wp-content\/uploads\/usu687\/2021\/03\/20210222_100317-200x150.jpg 200w\" sizes=\"auto, (max-width: 315px) 100vw, 315px\" \/><\/a>Els infants de P4 i P5 hem gaudit del taller, &#8220;En Luci i els seus amics de T\u00e0rraco&#8221;. Ens han explicat com \u00e9s la festa d&#8217;aniversari d&#8217;en Luci, un nen rom\u00e0 de 5 anys. Hem conegut la seva fam\u00edlia, la seva casa, el vestuari, l&#8217;alimentaci\u00f3 i les joguines de l&#8217;\u00e8poca romana.<\/p>\n<p><a href=\"https:\/\/drive.google.com\/drive\/folders\/1XhXPErL-QE9DJKWGPtXti--39nsOwYWU?usp=sharing\">Mira un recull de fotos aqu\u00ed<\/a><\/p>\n","protected":false},"excerpt":{"rendered":"<p><a href=\"https:\/\/agora.xtec.cat\/escolacampclar\/wp-content\/uploads\/usu687\/2021\/03\/20210222_100317.jpg\"><\/a>Els infants de P4 i P5 hem gaudit del taller, &#8220;En Luci i els seus amics de T\u00e0rraco&#8221;. Ens han explicat com \u00e9s la festa d&#8217;aniversari d&#8217;en Luci, un nen rom\u00e0 de 5 anys. Hem conegut la seva fam\u00edlia, la seva casa, el vestuari,&hellip;  <a href=\"https:\/\/agora.xtec.cat\/escolacampclar\/general\/taller-en-luci-i-els-seus-amics\/\" title=\"Read TALLER EN LUCI I ELS SEUS AMICS\">Llegeix m\u00e9s\u00bb<\/a><\/p>\n","protected":false},"author":14,"featured_media":2971,"comment_status":"open","ping_status":"closed","sticky":false,"template":"","format":"standard","meta":{"_bbp_topic_count":0,"_bbp_reply_count":0,"_bbp_total_topic_count":0,"_bbp_total_reply_count":0,"_bbp_voice_count":0,"_bbp_anonymous_reply_count":0,"_bbp_topic_count_hidden":0,"_bbp_reply_count_hidden":0,"_bbp_forum_subforum_count":0,"footnotes":""},"categories":[345,59,344,1,238],"tags":[34,42,44,54,55],"class_list":["post-2969","post","type-post","status-publish","format-standard","has-post-thumbnail","hentry","category-campclar","category-infantil","category-escola-campclar","category-general","category-tallers","tag-campclar","tag-educacio-infantil-2","tag-escola-campclar","tag-tallers","tag-tarragona"],"post_mailing_queue_ids":[],"_links":{"self":[{"href":"https:\/\/agora.xtec.cat\/escolacampclar\/wp-json\/wp\/v2\/posts\/2969","targetHints":{"allow":["GET"]}}],"collection":[{"href":"https:\/\/agora.xtec.cat\/escolacampclar\/wp-json\/wp\/v2\/posts"}],"about":[{"href":"https:\/\/agora.xtec.cat\/escolacampclar\/wp-json\/wp\/v2\/types\/post"}],"author":[{"embeddable":true,"href":"https:\/\/agora.xtec.cat\/escolacampclar\/wp-json\/wp\/v2\/users\/14"}],"replies":[{"embeddable":true,"href":"https:\/\/agora.xtec.cat\/escolacampclar\/wp-json\/wp\/v2\/comments?post=2969"}],"version-history":[{"count":2,"href":"https:\/\/agora.xtec.cat\/escolacampclar\/wp-json\/wp\/v2\/posts\/2969\/revisions"}],"predecessor-version":[{"id":2975,"href":"https:\/\/agora.xtec.cat\/escolacampclar\/wp-json\/wp\/v2\/posts\/2969\/revisions\/2975"}],"wp:featuredmedia":[{"embeddable":true,"href":"https:\/\/agora.xtec.cat\/escolacampclar\/wp-json\/wp\/v2\/media\/2971"}],"wp:attachment":[{"href":"https:\/\/agora.xtec.cat\/escolacampclar\/wp-json\/wp\/v2\/media?parent=2969"}],"wp:term":[{"taxonomy":"category","embeddable":true,"href":"https:\/\/agora.xtec.cat\/escolacampclar\/wp-json\/wp\/v2\/categories?post=2969"},{"taxonomy":"post_tag","embeddable":true,"href":"https:\/\/agora.xtec.cat\/escolacampclar\/wp-json\/wp\/v2\/tags?post=2969"}],"curies":[{"name":"wp","href":"https:\/\/api.w.org\/{rel}","templated":true}]}}