{"id":2929,"date":"2021-02-21T19:01:23","date_gmt":"2021-02-21T18:01:23","guid":{"rendered":"http:\/\/agora.xtec.cat\/escolacampclar\/?p=2929"},"modified":"2021-02-21T19:01:23","modified_gmt":"2021-02-21T18:01:23","slug":"la-prehistoria","status":"publish","type":"post","link":"https:\/\/agora.xtec.cat\/escolacampclar\/general\/la-prehistoria\/","title":{"rendered":"LA PREHIST\u00d2RIA"},"content":{"rendered":"<p><a href=\"https:\/\/agora.xtec.cat\/escolacampclar\/wp-content\/uploads\/usu687\/2021\/02\/PREHIST\u00d2RIA-.png\"><img loading=\"lazy\" decoding=\"async\" class=\"wp-image-2931 alignleft\" src=\"https:\/\/agora.xtec.cat\/escolacampclar\/wp-content\/uploads\/usu687\/2021\/02\/PREHIST\u00d2RIA--1024x676.png\" alt=\"\" width=\"413\" height=\"273\" srcset=\"https:\/\/agora.xtec.cat\/escolacampclar\/wp-content\/uploads\/usu687\/2021\/02\/PREHIST\u00d2RIA--1024x676.png 1024w, https:\/\/agora.xtec.cat\/escolacampclar\/wp-content\/uploads\/usu687\/2021\/02\/PREHIST\u00d2RIA--300x198.png 300w, https:\/\/agora.xtec.cat\/escolacampclar\/wp-content\/uploads\/usu687\/2021\/02\/PREHIST\u00d2RIA--768x507.png 768w, https:\/\/agora.xtec.cat\/escolacampclar\/wp-content\/uploads\/usu687\/2021\/02\/PREHIST\u00d2RIA-.png 1346w\" sizes=\"auto, (max-width: 413px) 100vw, 413px\" \/><\/a><\/p>\n<p>Durant aquests mesos els alumnes de 5\u00e8 A i B han treballat la prehist\u00f2ria. Cada grup han pogut treballar l&#8217;etapa de la hist\u00f2ria m\u00e9s llarga.<\/p>\n<p>Per poder acabar aquest projecte ens va venir a visitar l&#8217;Alex. Ens va ensenyar una col\u00b7lecci\u00f3 de f\u00f2ssils de fa molts anys i a m\u00e9s a m\u00e9s ens va explicar quants anys tenien tots els f\u00f2ssils que ens va portar.<\/p>\n<p>Tamb\u00e9 ens va explicar com \u00e9s forma els f\u00f2ssils.<\/p>\n<p>Si voleu veure un recull de fotografies i v\u00eddeos feu clic <a href=\"https:\/\/drive.google.com\/drive\/folders\/1-mWFlu8dlpb7Djov3-n65Zn7MMKSgxJk?usp=sharing\">aqu\u00ed<\/a>.<\/p>\n","protected":false},"excerpt":{"rendered":"<p><a href=\"https:\/\/agora.xtec.cat\/escolacampclar\/wp-content\/uploads\/usu687\/2021\/02\/PREHIST\u00d2RIA-.png\"><\/a><br \/>\nDurant aquests mesos els alumnes de 5\u00e8 A i B han treballat la prehist\u00f2ria. Cada grup han pogut treballar l&#8217;etapa de la hist\u00f2ria m\u00e9s llarga.<br \/>\nPer poder acabar aquest projecte ens va venir a visitar l&#8217;Alex. Ens va ensenyar una col\u00b7lecci\u00f3 de f\u00f2ssils de fa&hellip;  <a href=\"https:\/\/agora.xtec.cat\/escolacampclar\/general\/la-prehistoria\/\" title=\"Read LA PREHIST\u00d2RIA\">Llegeix m\u00e9s\u00bb<\/a><\/p>\n","protected":false},"author":14,"featured_media":2931,"comment_status":"open","ping_status":"closed","sticky":false,"template":"","format":"standard","meta":{"_bbp_topic_count":0,"_bbp_reply_count":0,"_bbp_total_topic_count":0,"_bbp_total_reply_count":0,"_bbp_voice_count":0,"_bbp_anonymous_reply_count":0,"_bbp_topic_count_hidden":0,"_bbp_reply_count_hidden":0,"_bbp_forum_subforum_count":0,"footnotes":""},"categories":[26,344,1],"tags":[63,44,87],"class_list":["post-2929","post","type-post","status-publish","format-standard","has-post-thumbnail","hentry","category-cicle-superior","category-escola-campclar","category-general","tag-cicle-superior","tag-escola-campclar","tag-projecte"],"post_mailing_queue_ids":[],"_links":{"self":[{"href":"https:\/\/agora.xtec.cat\/escolacampclar\/wp-json\/wp\/v2\/posts\/2929","targetHints":{"allow":["GET"]}}],"collection":[{"href":"https:\/\/agora.xtec.cat\/escolacampclar\/wp-json\/wp\/v2\/posts"}],"about":[{"href":"https:\/\/agora.xtec.cat\/escolacampclar\/wp-json\/wp\/v2\/types\/post"}],"author":[{"embeddable":true,"href":"https:\/\/agora.xtec.cat\/escolacampclar\/wp-json\/wp\/v2\/users\/14"}],"replies":[{"embeddable":true,"href":"https:\/\/agora.xtec.cat\/escolacampclar\/wp-json\/wp\/v2\/comments?post=2929"}],"version-history":[{"count":2,"href":"https:\/\/agora.xtec.cat\/escolacampclar\/wp-json\/wp\/v2\/posts\/2929\/revisions"}],"predecessor-version":[{"id":2934,"href":"https:\/\/agora.xtec.cat\/escolacampclar\/wp-json\/wp\/v2\/posts\/2929\/revisions\/2934"}],"wp:featuredmedia":[{"embeddable":true,"href":"https:\/\/agora.xtec.cat\/escolacampclar\/wp-json\/wp\/v2\/media\/2931"}],"wp:attachment":[{"href":"https:\/\/agora.xtec.cat\/escolacampclar\/wp-json\/wp\/v2\/media?parent=2929"}],"wp:term":[{"taxonomy":"category","embeddable":true,"href":"https:\/\/agora.xtec.cat\/escolacampclar\/wp-json\/wp\/v2\/categories?post=2929"},{"taxonomy":"post_tag","embeddable":true,"href":"https:\/\/agora.xtec.cat\/escolacampclar\/wp-json\/wp\/v2\/tags?post=2929"}],"curies":[{"name":"wp","href":"https:\/\/api.w.org\/{rel}","templated":true}]}}