{"id":2921,"date":"2021-02-21T11:52:18","date_gmt":"2021-02-21T10:52:18","guid":{"rendered":"http:\/\/agora.xtec.cat\/escolacampclar\/?p=2921"},"modified":"2021-02-21T11:58:37","modified_gmt":"2021-02-21T10:58:37","slug":"musica-a-p5-2","status":"publish","type":"post","link":"https:\/\/agora.xtec.cat\/escolacampclar\/general\/musica-a-p5-2\/","title":{"rendered":"M\u00fasica a P5"},"content":{"rendered":"<p><a href=\"https:\/\/agora.xtec.cat\/escolacampclar\/wp-content\/uploads\/usu687\/2021\/02\/Copia-de-Musicogrames.jpg\"><img loading=\"lazy\" decoding=\"async\" class=\"wp-image-2923 alignleft\" src=\"https:\/\/agora.xtec.cat\/escolacampclar\/wp-content\/uploads\/usu687\/2021\/02\/Copia-de-Musicogrames-1024x724.jpg\" alt=\"\" width=\"389\" height=\"275\" srcset=\"https:\/\/agora.xtec.cat\/escolacampclar\/wp-content\/uploads\/usu687\/2021\/02\/Copia-de-Musicogrames-1024x724.jpg 1024w, https:\/\/agora.xtec.cat\/escolacampclar\/wp-content\/uploads\/usu687\/2021\/02\/Copia-de-Musicogrames-300x212.jpg 300w, https:\/\/agora.xtec.cat\/escolacampclar\/wp-content\/uploads\/usu687\/2021\/02\/Copia-de-Musicogrames-768x543.jpg 768w, https:\/\/agora.xtec.cat\/escolacampclar\/wp-content\/uploads\/usu687\/2021\/02\/Copia-de-Musicogrames.jpg 2000w\" sizes=\"auto, (max-width: 389px) 100vw, 389px\" \/><\/a><\/p>\n<p>A la classe de m\u00fasica de P5 hem escoltat &#8220;L&#8217;hivern&#8221; de Vivaldi, i mentrestant hem fet uns dibuixos que representen aquesta estaci\u00f3 de l&#8217;any. A aquestes representacions gr\u00e0fiques d&#8217;una m\u00fasica li diem musicogrames, i quan els utilitzem ens ajuden a potenciar la creativitat, la capacitat d&#8217;atenci\u00f3, desenvolupa la lateralitat i psicomotricitat&#8230;.<\/p>\n<p>Si vols veure com ha quedat fes click <a href=\"https:\/\/drive.google.com\/file\/d\/1Ti4l_Lfk7VxVcO8qpcOe2H9bsPtLW8vy\/view?usp=sharing\">aqu\u00ed<\/a>.<\/p>\n","protected":false},"excerpt":{"rendered":"<p><a href=\"https:\/\/agora.xtec.cat\/escolacampclar\/wp-content\/uploads\/usu687\/2021\/02\/Copia-de-Musicogrames.jpg\"><\/a><br \/>\nA la classe de m\u00fasica de P5 hem escoltat &#8220;L&#8217;hivern&#8221; de Vivaldi, i mentrestant hem fet uns dibuixos que representen aquesta estaci\u00f3 de l&#8217;any. A aquestes representacions gr\u00e0fiques d&#8217;una m\u00fasica li diem musicogrames, i quan els utilitzem ens ajuden a potenciar la creativitat, la&hellip;  <a href=\"https:\/\/agora.xtec.cat\/escolacampclar\/general\/musica-a-p5-2\/\" title=\"Read M\u00fasica a P5\">Llegeix m\u00e9s\u00bb<\/a><\/p>\n","protected":false},"author":14,"featured_media":2927,"comment_status":"open","ping_status":"closed","sticky":false,"template":"","format":"standard","meta":{"_bbp_topic_count":0,"_bbp_reply_count":0,"_bbp_total_topic_count":0,"_bbp_total_reply_count":0,"_bbp_voice_count":0,"_bbp_anonymous_reply_count":0,"_bbp_topic_count_hidden":0,"_bbp_reply_count_hidden":0,"_bbp_forum_subforum_count":0,"footnotes":""},"categories":[59,344,1,31],"tags":[42,44,69],"class_list":["post-2921","post","type-post","status-publish","format-standard","has-post-thumbnail","hentry","category-infantil","category-escola-campclar","category-general","category-musica","tag-educacio-infantil-2","tag-escola-campclar","tag-musica"],"post_mailing_queue_ids":[],"_links":{"self":[{"href":"https:\/\/agora.xtec.cat\/escolacampclar\/wp-json\/wp\/v2\/posts\/2921","targetHints":{"allow":["GET"]}}],"collection":[{"href":"https:\/\/agora.xtec.cat\/escolacampclar\/wp-json\/wp\/v2\/posts"}],"about":[{"href":"https:\/\/agora.xtec.cat\/escolacampclar\/wp-json\/wp\/v2\/types\/post"}],"author":[{"embeddable":true,"href":"https:\/\/agora.xtec.cat\/escolacampclar\/wp-json\/wp\/v2\/users\/14"}],"replies":[{"embeddable":true,"href":"https:\/\/agora.xtec.cat\/escolacampclar\/wp-json\/wp\/v2\/comments?post=2921"}],"version-history":[{"count":3,"href":"https:\/\/agora.xtec.cat\/escolacampclar\/wp-json\/wp\/v2\/posts\/2921\/revisions"}],"predecessor-version":[{"id":2928,"href":"https:\/\/agora.xtec.cat\/escolacampclar\/wp-json\/wp\/v2\/posts\/2921\/revisions\/2928"}],"wp:featuredmedia":[{"embeddable":true,"href":"https:\/\/agora.xtec.cat\/escolacampclar\/wp-json\/wp\/v2\/media\/2927"}],"wp:attachment":[{"href":"https:\/\/agora.xtec.cat\/escolacampclar\/wp-json\/wp\/v2\/media?parent=2921"}],"wp:term":[{"taxonomy":"category","embeddable":true,"href":"https:\/\/agora.xtec.cat\/escolacampclar\/wp-json\/wp\/v2\/categories?post=2921"},{"taxonomy":"post_tag","embeddable":true,"href":"https:\/\/agora.xtec.cat\/escolacampclar\/wp-json\/wp\/v2\/tags?post=2921"}],"curies":[{"name":"wp","href":"https:\/\/api.w.org\/{rel}","templated":true}]}}