{"id":2914,"date":"2021-02-14T20:17:15","date_gmt":"2021-02-14T19:17:15","guid":{"rendered":"http:\/\/agora.xtec.cat\/escolacampclar\/?p=2914"},"modified":"2021-02-14T20:18:07","modified_gmt":"2021-02-14T19:18:07","slug":"carnaval-a-lescola-campclar","status":"publish","type":"post","link":"https:\/\/agora.xtec.cat\/escolacampclar\/general\/carnaval-a-lescola-campclar\/","title":{"rendered":"PER CARNAVAL&#8230;"},"content":{"rendered":"<p><a href=\"https:\/\/agora.xtec.cat\/escolacampclar\/wp-content\/uploads\/usu687\/2021\/02\/WhatsApp-Image-2021-02-12-at-16.14.47.jpeg\"><img loading=\"lazy\" decoding=\"async\" class=\"wp-image-2917 alignleft\" src=\"https:\/\/agora.xtec.cat\/escolacampclar\/wp-content\/uploads\/usu687\/2021\/02\/WhatsApp-Image-2021-02-12-at-16.14.47-768x1024.jpeg\" alt=\"\" width=\"207\" height=\"276\" srcset=\"https:\/\/agora.xtec.cat\/escolacampclar\/wp-content\/uploads\/usu687\/2021\/02\/WhatsApp-Image-2021-02-12-at-16.14.47-768x1024.jpeg 768w, https:\/\/agora.xtec.cat\/escolacampclar\/wp-content\/uploads\/usu687\/2021\/02\/WhatsApp-Image-2021-02-12-at-16.14.47-225x300.jpeg 225w, https:\/\/agora.xtec.cat\/escolacampclar\/wp-content\/uploads\/usu687\/2021\/02\/WhatsApp-Image-2021-02-12-at-16.14.47.jpeg 1488w\" sizes=\"auto, (max-width: 207px) 100vw, 207px\" \/><\/a><\/p>\n<p>Aques any, tamb\u00e9 hem pogut gaudir de la festa de carnaval. La tem\u00e0tica ha estat dedicada als nostres estimats infermers, infermeres i personal m\u00e8dic. Cada comunitat hem triat un element distintiu. La comunitat dels petits uns term\u00f2metres, els mitjans una samarreta ben decorada i els grans la targeta de les especialitats m\u00e8diques. No hem pogut fer la desfilada a la que estem acostumats cada any, per\u00f2 no hem deixat de celebrar-ho amb el nostre Rei Carnestoltes. Si voleu veure un recull de fotografies i v\u00eddeos feu click <a href=\"https:\/\/drive.google.com\/drive\/folders\/1Zt3einUfzp1Rbu622VXL39_Sv8TqRZb0?usp=sharing\">aqu\u00ed.\u00a0 \u00a0<\/a><\/p>\n","protected":false},"excerpt":{"rendered":"<p><a href=\"https:\/\/agora.xtec.cat\/escolacampclar\/wp-content\/uploads\/usu687\/2021\/02\/WhatsApp-Image-2021-02-12-at-16.14.47.jpeg\"><\/a><br \/>\nAques any, tamb\u00e9 hem pogut gaudir de la festa de carnaval. La tem\u00e0tica ha estat dedicada als nostres estimats infermers, infermeres i personal m\u00e8dic. Cada comunitat hem triat un element distintiu. La comunitat dels petits uns term\u00f2metres, els mitjans una samarreta ben decorada i&hellip;  <a href=\"https:\/\/agora.xtec.cat\/escolacampclar\/general\/carnaval-a-lescola-campclar\/\" title=\"Read PER CARNAVAL&#8230;\">Llegeix m\u00e9s\u00bb<\/a><\/p>\n","protected":false},"author":14,"featured_media":2916,"comment_status":"open","ping_status":"closed","sticky":false,"template":"","format":"standard","meta":{"_bbp_topic_count":0,"_bbp_reply_count":0,"_bbp_total_topic_count":0,"_bbp_total_reply_count":0,"_bbp_voice_count":0,"_bbp_anonymous_reply_count":0,"_bbp_topic_count_hidden":0,"_bbp_reply_count_hidden":0,"_bbp_forum_subforum_count":0,"footnotes":""},"categories":[24,25,26,59,344,29,1],"tags":[34,170,164,36,37,63,44,98],"class_list":["post-2914","post","type-post","status-publish","format-standard","has-post-thumbnail","hentry","category-cicle-inicial","category-cicle-mitja","category-cicle-superior","category-infantil","category-escola-campclar","category-festes","category-general","tag-campclar","tag-carnaval","tag-carnestoltes","tag-cicle-inicial","tag-cicle-mitja-2","tag-cicle-superior","tag-escola-campclar","tag-infantil"],"post_mailing_queue_ids":[],"_links":{"self":[{"href":"https:\/\/agora.xtec.cat\/escolacampclar\/wp-json\/wp\/v2\/posts\/2914","targetHints":{"allow":["GET"]}}],"collection":[{"href":"https:\/\/agora.xtec.cat\/escolacampclar\/wp-json\/wp\/v2\/posts"}],"about":[{"href":"https:\/\/agora.xtec.cat\/escolacampclar\/wp-json\/wp\/v2\/types\/post"}],"author":[{"embeddable":true,"href":"https:\/\/agora.xtec.cat\/escolacampclar\/wp-json\/wp\/v2\/users\/14"}],"replies":[{"embeddable":true,"href":"https:\/\/agora.xtec.cat\/escolacampclar\/wp-json\/wp\/v2\/comments?post=2914"}],"version-history":[{"count":3,"href":"https:\/\/agora.xtec.cat\/escolacampclar\/wp-json\/wp\/v2\/posts\/2914\/revisions"}],"predecessor-version":[{"id":2919,"href":"https:\/\/agora.xtec.cat\/escolacampclar\/wp-json\/wp\/v2\/posts\/2914\/revisions\/2919"}],"wp:featuredmedia":[{"embeddable":true,"href":"https:\/\/agora.xtec.cat\/escolacampclar\/wp-json\/wp\/v2\/media\/2916"}],"wp:attachment":[{"href":"https:\/\/agora.xtec.cat\/escolacampclar\/wp-json\/wp\/v2\/media?parent=2914"}],"wp:term":[{"taxonomy":"category","embeddable":true,"href":"https:\/\/agora.xtec.cat\/escolacampclar\/wp-json\/wp\/v2\/categories?post=2914"},{"taxonomy":"post_tag","embeddable":true,"href":"https:\/\/agora.xtec.cat\/escolacampclar\/wp-json\/wp\/v2\/tags?post=2914"}],"curies":[{"name":"wp","href":"https:\/\/api.w.org\/{rel}","templated":true}]}}